{"id":148446,"date":"2016-02-24T15:30:05","date_gmt":"2016-02-24T14:30:05","guid":{"rendered":"http:\/\/www.fuldaer-nachrichten.de\/?p=148446"},"modified":"2016-02-24T15:30:05","modified_gmt":"2016-02-24T14:30:05","slug":"spende-fuer-den-beutel-mitarbeiterinnen-und-mitarbeiter-des-klinikums-fulda-unterstuetzen-foerderverein-kaenguruh","status":"publish","type":"post","link":"https:\/\/www.fuldaernachrichten.de\/?p=148446","title":{"rendered":"Spende f\u00fcr den Beutel: Mitarbeiterinnen und Mitarbeiter des Klinikums Fulda unterst\u00fctzen F\u00f6rderverein K\u00e4nguruh"},"content":{"rendered":"<p>Die traditionelle Tombola f\u00fcr einen guten Zweck der Mitarbeiterinnen und Mitarbeiter der Verwaltung des Klinikums Fulda wurde in diesem Jahr zu Gunsten des F\u00f6rdervereins K\u00e4nguruh e.V.,\u00c2\u00a0 durchgef\u00fchrt. K\u00e4nguruh hat sich der F\u00f6rderung der Kinderklinik verschrieben und unterst\u00fctzt Projekte f\u00fcr die kleinen Patienten und ihre Eltern.<\/p>\n<p>Organisiert wird die Tombola seit vielen Jahren vom Team der\u00c2\u00a0 Einkaufsabteilung des Klinikums. Dazu wurden vorweihnachtliche Pr\u00e4sente gesammelt und dann in einer gemeinsamen Aktion verlost.<br \/>\nDer Erl\u00f6s aus dem Losverkauf wurde anschlie\u00dfend vom Klinikums-Vorstand pers\u00f6nlich aufgerundet. So kamen insgesamt 500 Euro zusammen, die vom Leiter der Abteilung Zentraleinkauf, Markus Fischer, an Prof. Dr. Reinald Repp (Direktor der Klinik f\u00fcr Kinder- und Jugendmedizin) und Susanne M\u00f6ller (Vorsitzende des F\u00f6rdervereins K\u00e4nguruh) \u00fcbergeben wurden. \u201eWir m\u00f6chten mit dieser Geste ein ganz konkretes Projekt f\u00f6rdern\u201c, erl\u00e4utert Fischer, \u201ebeim F\u00f6rderverein K\u00e4nguruh wissen wir, dass der Erl\u00f6s direkt den kleinen Patienten der Kinderklinik zu Gute kommt\u201c.<\/p>\n<p>Der F\u00f6rderverein K\u00e4nguruh ist ein gemeinn\u00fctziger Verein der Freunde und F\u00f6rderer der Kinder- und Jugendmedizin Fulda e.V. und besteht aus Eltern, Mitarbeitern der Kinderklinik und allen Interessierten, die Projekte f\u00fcr die kleinen Patienten und ihre Eltern initiiert und unterst\u00fctzt.<\/p>\n<p>Bildunterschrift (v. links):<br \/>\nMarkus Fischer, Susanne M\u00f6ller, Prof. Dr. Reinald Repp<\/p>\n<p>Foto: Barbara Froese<\/p>\n","protected":false},"excerpt":{"rendered":"<div class=\"tmnf_excerpt\"><p>Die traditionelle Tombola f\u00fcr einen guten Zweck der Mitarbeiterinnen und Mitarbeiter der Verwaltung des Klinikums Fulda wurde in diesem Jahr zu Gunsten des F\u00f6rdervereins K\u00e4nguruh e.V.,\u00c2\u00a0 durchgef\u00fchrt. K\u00e4nguruh hat sich der F\u00f6rderung der Kinderklinik verschrieben und unterst\u00fctzt Projekte f\u00fcr die kleinen Patienten und ihre Eltern. Organisiert wird die Tombola seit vielen Jahren vom Team der\u00c2\u00a0 &hellip;<\/p>\n<\/div>","protected":false},"author":1,"featured_media":148456,"comment_status":"closed","ping_status":"closed","sticky":false,"template":"","format":"standard","meta":{"footnotes":""},"categories":[51],"tags":[],"class_list":["post-148446","post","type-post","status-publish","format-standard","has-post-thumbnail","hentry","category-medizin"],"_links":{"self":[{"href":"https:\/\/www.fuldaernachrichten.de\/index.php?rest_route=\/wp\/v2\/posts\/148446","targetHints":{"allow":["GET"]}}],"collection":[{"href":"https:\/\/www.fuldaernachrichten.de\/index.php?rest_route=\/wp\/v2\/posts"}],"about":[{"href":"https:\/\/www.fuldaernachrichten.de\/index.php?rest_route=\/wp\/v2\/types\/post"}],"author":[{"embeddable":true,"href":"https:\/\/www.fuldaernachrichten.de\/index.php?rest_route=\/wp\/v2\/users\/1"}],"replies":[{"embeddable":true,"href":"https:\/\/www.fuldaernachrichten.de\/index.php?rest_route=%2Fwp%2Fv2%2Fcomments&post=148446"}],"version-history":[{"count":1,"href":"https:\/\/www.fuldaernachrichten.de\/index.php?rest_route=\/wp\/v2\/posts\/148446\/revisions"}],"predecessor-version":[{"id":148462,"href":"https:\/\/www.fuldaernachrichten.de\/index.php?rest_route=\/wp\/v2\/posts\/148446\/revisions\/148462"}],"wp:featuredmedia":[{"embeddable":true,"href":"https:\/\/www.fuldaernachrichten.de\/index.php?rest_route=\/wp\/v2\/media\/148456"}],"wp:attachment":[{"href":"https:\/\/www.fuldaernachrichten.de\/index.php?rest_route=%2Fwp%2Fv2%2Fmedia&parent=148446"}],"wp:term":[{"taxonomy":"category","embeddable":true,"href":"https:\/\/www.fuldaernachrichten.de\/index.php?rest_route=%2Fwp%2Fv2%2Fcategories&post=148446"},{"taxonomy":"post_tag","embeddable":true,"href":"https:\/\/www.fuldaernachrichten.de\/index.php?rest_route=%2Fwp%2Fv2%2Ftags&post=148446"}],"curies":[{"name":"wp","href":"https:\/\/api.w.org\/{rel}","templated":true}]}}