{"id":148186,"date":"2016-02-17T17:53:19","date_gmt":"2016-02-17T16:53:19","guid":{"rendered":"http:\/\/www.fuldaer-nachrichten.de\/?p=148186"},"modified":"2016-02-17T17:53:19","modified_gmt":"2016-02-17T16:53:19","slug":"kino-fuer-senioren-12","status":"publish","type":"post","link":"https:\/\/www.fuldaernachrichten.de\/?p=148186","title":{"rendered":"Kino f\u00fcr Senioren"},"content":{"rendered":"<p>Am Mittwoch, den 24. Februar, um 15:00 Uhr findet im CineStar in der L\u00f6herstra\u00dfe eine Kinovorf\u00fchrung f\u00fcr \u00e4ltere Menschen statt.<\/p>\n<p>Gezeigt wird der Film \u201eEwige Jugend\u201c, eine hinrei\u00dfende surreale Kom\u00f6die \u00fcber zwei in die Jahre gekommene Freunde, die in einem Hotelressort in den Bergen ihr Leben Revue passieren lassen.<br \/>\nSeit mehr als 50 Jahren sind der britische Komponist Fred und der amerikanische Regisseur Mick beste Freunde. Wie gewohnt, treffen sich die beiden wieder zum Urlaub in einem edlen Schweizer Hotelressort in den Bergen. Mick arbeitet fieberhaft an einem Film, der sein letztes gro\u00dfes k\u00fcnstlerisches Statement werden soll. Fred hat seiner Kunst seit l\u00e4ngerem entsagt, obwohl ein Botschafter der K\u00f6nigin ihn verzweifelt zu \u00fcberreden versucht, sein bekanntestes St\u00fcck noch einmal zu dirigieren.<\/p>\n<p>Karten zum Preis von 6,50 und 7,50 Euro erhalten Sie im Cinestar.<\/p>\n","protected":false},"excerpt":{"rendered":"<div class=\"tmnf_excerpt\"><p>Am Mittwoch, den 24. Februar, um 15:00 Uhr findet im CineStar in der L\u00f6herstra\u00dfe eine Kinovorf\u00fchrung f\u00fcr \u00e4ltere Menschen statt. Gezeigt wird der Film \u201eEwige Jugend\u201c, eine hinrei\u00dfende surreale Kom\u00f6die \u00fcber zwei in die Jahre gekommene Freunde, die in einem Hotelressort in den Bergen ihr Leben Revue passieren lassen. Seit mehr als 50 Jahren sind &hellip;<\/p>\n<\/div>","protected":false},"author":1,"featured_media":0,"comment_status":"closed","ping_status":"closed","sticky":false,"template":"","format":"standard","meta":{"footnotes":""},"categories":[44],"tags":[],"class_list":["post-148186","post","type-post","status-publish","format-standard","hentry","category-kultur"],"_links":{"self":[{"href":"https:\/\/www.fuldaernachrichten.de\/index.php?rest_route=\/wp\/v2\/posts\/148186","targetHints":{"allow":["GET"]}}],"collection":[{"href":"https:\/\/www.fuldaernachrichten.de\/index.php?rest_route=\/wp\/v2\/posts"}],"about":[{"href":"https:\/\/www.fuldaernachrichten.de\/index.php?rest_route=\/wp\/v2\/types\/post"}],"author":[{"embeddable":true,"href":"https:\/\/www.fuldaernachrichten.de\/index.php?rest_route=\/wp\/v2\/users\/1"}],"replies":[{"embeddable":true,"href":"https:\/\/www.fuldaernachrichten.de\/index.php?rest_route=%2Fwp%2Fv2%2Fcomments&post=148186"}],"version-history":[{"count":1,"href":"https:\/\/www.fuldaernachrichten.de\/index.php?rest_route=\/wp\/v2\/posts\/148186\/revisions"}],"predecessor-version":[{"id":148192,"href":"https:\/\/www.fuldaernachrichten.de\/index.php?rest_route=\/wp\/v2\/posts\/148186\/revisions\/148192"}],"wp:attachment":[{"href":"https:\/\/www.fuldaernachrichten.de\/index.php?rest_route=%2Fwp%2Fv2%2Fmedia&parent=148186"}],"wp:term":[{"taxonomy":"category","embeddable":true,"href":"https:\/\/www.fuldaernachrichten.de\/index.php?rest_route=%2Fwp%2Fv2%2Fcategories&post=148186"},{"taxonomy":"post_tag","embeddable":true,"href":"https:\/\/www.fuldaernachrichten.de\/index.php?rest_route=%2Fwp%2Fv2%2Ftags&post=148186"}],"curies":[{"name":"wp","href":"https:\/\/api.w.org\/{rel}","templated":true}]}}