{"id":148086,"date":"2016-02-13T19:24:36","date_gmt":"2016-02-13T18:24:36","guid":{"rendered":"http:\/\/www.fuldaer-nachrichten.de\/?p=148086"},"modified":"2016-02-13T19:24:36","modified_gmt":"2016-02-13T18:24:36","slug":"einrichtung-eines-ganztagangebots-in-tann-und-eckweisbach","status":"publish","type":"post","link":"https:\/\/www.fuldaernachrichten.de\/?p=148086","title":{"rendered":"Einrichtung eines Ganztagangebots in Tann und Eckweisbach"},"content":{"rendered":"<p>Die Eberhardschule Tann und die Grundschule Eckweisbach sollen mit Beginn des Schuljahres 2016\/17 in das Landesprogramm \u201eganzt\u00e4gig arbeitende Schulen\u201c aufgenommen werden. Die r\u00e4umlichen und s\u00e4chlichen Voraussetzungen sind vorhanden. Weiterhin besch\u00e4ftigte sich der Kreisausschuss in seiner letzten Sitzung mit F\u00f6rderantr\u00e4ge sowie der Vergabe von Bauleistungen.<\/p>\n<p>An der Eberhardschule in Tann soll k\u00fcnftig eine Betreuung an f\u00fcnf Tagen in der Woche jeweils bis 16 Uhr angeboten werden. Zu diesem Zweck wird auch die vorhandene Schulk\u00fcche in eine Ausgabek\u00fcche umgestaltet. An der Grundschule in Eckweisbach ist eine Ganztagsbetreuung dienstags, mittwochs und donnerstags jeweils bis 15.40 Uhr geplant. Da M\u00f6glichkeiten der Essensausgabe und -einnahme in der Schule fehlen, k\u00f6nnen interessierte Sch\u00fclerinnen und Sch\u00fcler das Mittagsessen in einer benachbarten Gastst\u00e4tte einnehmen.<\/p>\n<p>F\u00fcr die energetische Sanierung des Sportlerheims in Sargenzell leistet der Landkreis Fulda entsprechend der Sportf\u00f6rderungsrichtlinien eine Beihilfe von 13.700 Euro. Das Land beteiligt sich im Rahmen des Sonder-Investitionsprogramms \u201eSportland Hessen\u201c mit einem Zuschuss von 60.000 Euro. Insgesamt belaufen sich die Kosten der Ma\u00dfnahme auf 137.000 Euro. F\u00fcr die Beschaffung eines Einsatzleitfahrzeugs der freiwilligen Feuerwehr in Dipperz wurde eine Zuweisung aus dem Kreisausgleichsstock von 2.000 Euro bewilligt.<\/p>\n<p>Bei der Sanierung des Altbaus der Fliedetalschule in Flieden vergab der Kreisausschuss im Geb\u00e4ude C die Brandschutzt\u00fcren f\u00fcr 46.900 Euro und die Bodenbelagsarbeiten f\u00fcr 21.900 Euro. Das kosteng\u00fcnstigste Angebot f\u00fcr die Metallbauarbeiten beim zweiten Bauabschnitt der Erweiterung des Gesundheitsamts in Fulda belief sich auf 28.000 Euro. Bereits in der vorletzten Kreisausschusssitzung waren bei der Innensanierung der Johannes-Kepler-Schule in Neuhof weitere Gewerke im Gesamtvolumen von 555.700 Euro vergeben worden.<\/p>\n","protected":false},"excerpt":{"rendered":"<div class=\"tmnf_excerpt\"><p>Die Eberhardschule Tann und die Grundschule Eckweisbach sollen mit Beginn des Schuljahres 2016\/17 in das Landesprogramm \u201eganzt\u00e4gig arbeitende Schulen\u201c aufgenommen werden. Die r\u00e4umlichen und s\u00e4chlichen Voraussetzungen sind vorhanden. Weiterhin besch\u00e4ftigte sich der Kreisausschuss in seiner letzten Sitzung mit F\u00f6rderantr\u00e4ge sowie der Vergabe von Bauleistungen. An der Eberhardschule in Tann soll k\u00fcnftig eine Betreuung an f\u00fcnf &hellip;<\/p>\n<\/div>","protected":false},"author":1,"featured_media":0,"comment_status":"closed","ping_status":"closed","sticky":false,"template":"","format":"standard","meta":{"footnotes":""},"categories":[72],"tags":[],"class_list":["post-148086","post","type-post","status-publish","format-standard","hentry","category-jugend"],"_links":{"self":[{"href":"https:\/\/www.fuldaernachrichten.de\/index.php?rest_route=\/wp\/v2\/posts\/148086","targetHints":{"allow":["GET"]}}],"collection":[{"href":"https:\/\/www.fuldaernachrichten.de\/index.php?rest_route=\/wp\/v2\/posts"}],"about":[{"href":"https:\/\/www.fuldaernachrichten.de\/index.php?rest_route=\/wp\/v2\/types\/post"}],"author":[{"embeddable":true,"href":"https:\/\/www.fuldaernachrichten.de\/index.php?rest_route=\/wp\/v2\/users\/1"}],"replies":[{"embeddable":true,"href":"https:\/\/www.fuldaernachrichten.de\/index.php?rest_route=%2Fwp%2Fv2%2Fcomments&post=148086"}],"version-history":[{"count":1,"href":"https:\/\/www.fuldaernachrichten.de\/index.php?rest_route=\/wp\/v2\/posts\/148086\/revisions"}],"predecessor-version":[{"id":148089,"href":"https:\/\/www.fuldaernachrichten.de\/index.php?rest_route=\/wp\/v2\/posts\/148086\/revisions\/148089"}],"wp:attachment":[{"href":"https:\/\/www.fuldaernachrichten.de\/index.php?rest_route=%2Fwp%2Fv2%2Fmedia&parent=148086"}],"wp:term":[{"taxonomy":"category","embeddable":true,"href":"https:\/\/www.fuldaernachrichten.de\/index.php?rest_route=%2Fwp%2Fv2%2Fcategories&post=148086"},{"taxonomy":"post_tag","embeddable":true,"href":"https:\/\/www.fuldaernachrichten.de\/index.php?rest_route=%2Fwp%2Fv2%2Ftags&post=148086"}],"curies":[{"name":"wp","href":"https:\/\/api.w.org\/{rel}","templated":true}]}}