{"id":148034,"date":"2016-02-11T20:52:28","date_gmt":"2016-02-11T19:52:28","guid":{"rendered":"http:\/\/www.fuldaer-nachrichten.de\/?p=148034"},"modified":"2016-02-11T20:52:28","modified_gmt":"2016-02-11T19:52:28","slug":"helge-abel-neuer-pfarrer-in-bronnzell","status":"publish","type":"post","link":"https:\/\/www.fuldaernachrichten.de\/?p=148034","title":{"rendered":"HELGE ABEL &#8211; Neuer Pfarrer in Bronnzell"},"content":{"rendered":"<p>Zum 1. Februar 2016 hat Pfarrer Helge Abel seinen Dienst an der Friedenskirche an der 1. Pfarrstelle Bronnzell-Eichenzell aufgenommen. Abel ist 40 Jahre alt und verheiratet. Zuletzt war er im Kirchenkreis Fritzlar-Homberg t\u00e4tig. Abel freut sich nach Auskunft des Pressebeauftragten des Kirchenkreises Pfarrer Stefan B\u00fcrger darauf, eine vielseitige und flexibel ausgerichtete Gemeindearbeit mit unterschiedlichen Altersgruppen mitzugestalten, Menschen anzusprechen und einzubinden.<\/p>\n<p>Nach dem Weggang von Pfarrer Dr. Karl-Heinz Ostmeyer zum 30.9.2015 und Vertretung durch Pfarrer Edwin R\u00f6der konnte die Stelle jetzt durch Gemeindewahl nach f\u00fcnf Monaten wieder besetzt werden. Die Einf\u00fchrung soll am Ostersonntag, 27.3.2016, durch Dekan Bengt Seeberg in der Friedenskirche erfolgen.<\/p>\n","protected":false},"excerpt":{"rendered":"<div class=\"tmnf_excerpt\"><p>Zum 1. Februar 2016 hat Pfarrer Helge Abel seinen Dienst an der Friedenskirche an der 1. Pfarrstelle Bronnzell-Eichenzell aufgenommen. Abel ist 40 Jahre alt und verheiratet. Zuletzt war er im Kirchenkreis Fritzlar-Homberg t\u00e4tig. Abel freut sich nach Auskunft des Pressebeauftragten des Kirchenkreises Pfarrer Stefan B\u00fcrger darauf, eine vielseitige und flexibel ausgerichtete Gemeindearbeit mit unterschiedlichen Altersgruppen &hellip;<\/p>\n<\/div>","protected":false},"author":1,"featured_media":148040,"comment_status":"closed","ping_status":"closed","sticky":false,"template":"","format":"standard","meta":{"footnotes":""},"categories":[50],"tags":[],"class_list":["post-148034","post","type-post","status-publish","format-standard","has-post-thumbnail","hentry","category-kirche"],"_links":{"self":[{"href":"https:\/\/www.fuldaernachrichten.de\/index.php?rest_route=\/wp\/v2\/posts\/148034","targetHints":{"allow":["GET"]}}],"collection":[{"href":"https:\/\/www.fuldaernachrichten.de\/index.php?rest_route=\/wp\/v2\/posts"}],"about":[{"href":"https:\/\/www.fuldaernachrichten.de\/index.php?rest_route=\/wp\/v2\/types\/post"}],"author":[{"embeddable":true,"href":"https:\/\/www.fuldaernachrichten.de\/index.php?rest_route=\/wp\/v2\/users\/1"}],"replies":[{"embeddable":true,"href":"https:\/\/www.fuldaernachrichten.de\/index.php?rest_route=%2Fwp%2Fv2%2Fcomments&post=148034"}],"version-history":[{"count":1,"href":"https:\/\/www.fuldaernachrichten.de\/index.php?rest_route=\/wp\/v2\/posts\/148034\/revisions"}],"predecessor-version":[{"id":148041,"href":"https:\/\/www.fuldaernachrichten.de\/index.php?rest_route=\/wp\/v2\/posts\/148034\/revisions\/148041"}],"wp:featuredmedia":[{"embeddable":true,"href":"https:\/\/www.fuldaernachrichten.de\/index.php?rest_route=\/wp\/v2\/media\/148040"}],"wp:attachment":[{"href":"https:\/\/www.fuldaernachrichten.de\/index.php?rest_route=%2Fwp%2Fv2%2Fmedia&parent=148034"}],"wp:term":[{"taxonomy":"category","embeddable":true,"href":"https:\/\/www.fuldaernachrichten.de\/index.php?rest_route=%2Fwp%2Fv2%2Fcategories&post=148034"},{"taxonomy":"post_tag","embeddable":true,"href":"https:\/\/www.fuldaernachrichten.de\/index.php?rest_route=%2Fwp%2Fv2%2Ftags&post=148034"}],"curies":[{"name":"wp","href":"https:\/\/api.w.org\/{rel}","templated":true}]}}