{"id":147928,"date":"2016-02-09T18:34:43","date_gmt":"2016-02-09T17:34:43","guid":{"rendered":"http:\/\/www.fuldaer-nachrichten.de\/?p=147928"},"modified":"2016-02-09T18:35:04","modified_gmt":"2016-02-09T17:35:04","slug":"konzert-mit-dem-beethoven-orchester-hessen-im-fuerstensaal-des-stadtschlosses-fulda","status":"publish","type":"post","link":"https:\/\/www.fuldaernachrichten.de\/?p=147928","title":{"rendered":"Konzert mit dem Beethoven Orchester Hessen im F\u00fcrstensaal des Stadtschlosses Fulda"},"content":{"rendered":"<p>Am 19. Februar kommt das Beethoven Orchesters Hessen wieder nach Fulda, in den F\u00fcrstensaal des Stadtschlosses. Nach dem ersten erfolgreichen Gastkonzert im Oktober kommt das Orchester mit einem neuen Programm zur\u00fcck. Neben Beethovens 4.\u00c2\u00a0Sinfonie und seinem 5. Klavierkonzert wird eine Auftragskomposition von Moritz La\u00dfmann gespielt.<\/p>\n<p>Innerhalb Beethovens Zyklus aus 9 Sinfonien nimmt die 4. Sinfonie neben der Eroica (Sinfonie Nr. 3) und der Schicksalssinfonie (Sinfonie Nr. 5) einen besonderen Platz. Sie besticht weniger durch Anekdote wie ihre Nachbarsinfonien, als vielmehr durch Formsch\u00f6nheit und Brillanz. Und das entspricht voll und ganz der Absicht des Komponisten: Die Musik sollte nicht durch eine Erkl\u00e4rungen, sondern durch sich selbst wirken. F\u00fcr viele gilt sie als die sch\u00f6nste der fr\u00fchen Sinfonien.<\/p>\n<p>Der Pianist Marc Pierre Toth wird an diesem Abend als Solist des 5. Klavierkonzertes von Beethoven auftreten. Seit vielen Jahren besch\u00e4ftig er sich mit Beethovens Klaviermusik. Aktuell wird Toth in ganz Europa eingeladen die 32 Beethoven-Sonaten in einer Konzertreihe aufzuf\u00fchren.<\/p>\n<p>Besonders gespannt kann man auf die Komposition von Moritz La\u00dfmann sein, die er eigens f\u00fcr das Beethoven Orchester Hessen komponiert hat. Moritz La\u00dfmann studiert an der Hochschule f\u00fcr Musik Karlsruhe und konnte bereits zahlreiche Kompositionswettbewerbe f\u00fcr sich entscheiden. Das Werk das er im Auftrag f\u00fcr das Beethoven Orchester Hessen geschrieben hat, wird erstmals in Fulda zu h\u00f6ren sein. Geleitet wird das Orchester von dem aus Fulda stammenden Dirigenten Damian Ibn Salem.<\/p>\n<p>Karten zu diesem Konzert, das vom Kulturamt Fulda veranstaltet wird, sind im Vorverkauf in der Gesch\u00e4ftsstelle der Fuldaer Zeitung (Peterstor) erh\u00e4ltlich (14,00 \u00e2\u201a\u00ac, erm\u00e4\u00dfigt 10,00 \u00e2\u201a\u00ac) sowie an der Abendkasse (16,00 \u00e2\u201a\u00ac, erm\u00e4\u00dfigt\u00c2\u00a0 12,00 \u00e2\u201a\u00ac).<\/p>\n","protected":false},"excerpt":{"rendered":"<div class=\"tmnf_excerpt\"><p>Am 19. Februar kommt das Beethoven Orchesters Hessen wieder nach Fulda, in den F\u00fcrstensaal des Stadtschlosses. Nach dem ersten erfolgreichen Gastkonzert im Oktober kommt das Orchester mit einem neuen Programm zur\u00fcck. Neben Beethovens 4.\u00c2\u00a0Sinfonie und seinem 5. Klavierkonzert wird eine Auftragskomposition von Moritz La\u00dfmann gespielt. Innerhalb Beethovens Zyklus aus 9 Sinfonien nimmt die 4. Sinfonie &hellip;<\/p>\n<\/div>","protected":false},"author":1,"featured_media":147939,"comment_status":"closed","ping_status":"closed","sticky":false,"template":"","format":"standard","meta":{"footnotes":""},"categories":[44],"tags":[],"class_list":["post-147928","post","type-post","status-publish","format-standard","has-post-thumbnail","hentry","category-kultur"],"_links":{"self":[{"href":"https:\/\/www.fuldaernachrichten.de\/index.php?rest_route=\/wp\/v2\/posts\/147928","targetHints":{"allow":["GET"]}}],"collection":[{"href":"https:\/\/www.fuldaernachrichten.de\/index.php?rest_route=\/wp\/v2\/posts"}],"about":[{"href":"https:\/\/www.fuldaernachrichten.de\/index.php?rest_route=\/wp\/v2\/types\/post"}],"author":[{"embeddable":true,"href":"https:\/\/www.fuldaernachrichten.de\/index.php?rest_route=\/wp\/v2\/users\/1"}],"replies":[{"embeddable":true,"href":"https:\/\/www.fuldaernachrichten.de\/index.php?rest_route=%2Fwp%2Fv2%2Fcomments&post=147928"}],"version-history":[{"count":1,"href":"https:\/\/www.fuldaernachrichten.de\/index.php?rest_route=\/wp\/v2\/posts\/147928\/revisions"}],"predecessor-version":[{"id":147938,"href":"https:\/\/www.fuldaernachrichten.de\/index.php?rest_route=\/wp\/v2\/posts\/147928\/revisions\/147938"}],"wp:featuredmedia":[{"embeddable":true,"href":"https:\/\/www.fuldaernachrichten.de\/index.php?rest_route=\/wp\/v2\/media\/147939"}],"wp:attachment":[{"href":"https:\/\/www.fuldaernachrichten.de\/index.php?rest_route=%2Fwp%2Fv2%2Fmedia&parent=147928"}],"wp:term":[{"taxonomy":"category","embeddable":true,"href":"https:\/\/www.fuldaernachrichten.de\/index.php?rest_route=%2Fwp%2Fv2%2Fcategories&post=147928"},{"taxonomy":"post_tag","embeddable":true,"href":"https:\/\/www.fuldaernachrichten.de\/index.php?rest_route=%2Fwp%2Fv2%2Ftags&post=147928"}],"curies":[{"name":"wp","href":"https:\/\/api.w.org\/{rel}","templated":true}]}}