{"id":147870,"date":"2016-02-09T05:05:40","date_gmt":"2016-02-09T04:05:40","guid":{"rendered":"http:\/\/www.fuldaer-nachrichten.de\/?p=147870"},"modified":"2016-02-09T05:05:40","modified_gmt":"2016-02-09T04:05:40","slug":"neue-homepage-des-dioezesanverbandes-ist-am-start","status":"publish","type":"post","link":"https:\/\/www.fuldaernachrichten.de\/?p=147870","title":{"rendered":"Neue Homepage des Di\u00f6zesanverbandes ist am Start"},"content":{"rendered":"<p>Ein Wochenende verbrachten die Mitglieder der Di\u00f6zesanleitung und der Stufenarbeitskreise der Deutschen Pfadfinderschaft St. Georg (DPSG) im Bistum Fulda mit der neuen Homepage des Di\u00f6zesanverbandes, die in zwei Wochen zur Di\u00f6zesanversammlung online gehen soll.<\/p>\n<p>Neben Fragen der Gestaltung und technischen Fragen stand vor allem die Erarbeitung der Inhalte im Mittelpunkt des Wochenendes. Und so rauchten die K\u00f6pfe aller Beteiligten und die Laptops liefen hei\u00df, um die vielf\u00e4ltige Arbeit der Pfadfinderinnen und Pfadfinder im Bistum Fulda ansprechend und informativ darzustellen. Texte wurden geschrieben, Fotos ausgesucht und Grafiken gestaltet. Daniel Blasek, Mitglied im Di\u00f6zesanvorstand, ist gespannt: \u201eWir m\u00f6chten uns zeitgem\u00e4\u00df vorstellen und gleichzeitig allen Interessierten die M\u00f6glichkeit geben, mit uns und unseren St\u00e4mmen in Kontakt zu treten.\u201c<\/p>\n<p>Unter www.dpsg-fulda.de wird die neue Homepage ab dem 27.02.2016 zu erreichen sehen.<\/p>\n","protected":false},"excerpt":{"rendered":"<div class=\"tmnf_excerpt\"><p>Ein Wochenende verbrachten die Mitglieder der Di\u00f6zesanleitung und der Stufenarbeitskreise der Deutschen Pfadfinderschaft St. Georg (DPSG) im Bistum Fulda mit der neuen Homepage des Di\u00f6zesanverbandes, die in zwei Wochen zur Di\u00f6zesanversammlung online gehen soll. Neben Fragen der Gestaltung und technischen Fragen stand vor allem die Erarbeitung der Inhalte im Mittelpunkt des Wochenendes. Und so rauchten &hellip;<\/p>\n<\/div>","protected":false},"author":1,"featured_media":147883,"comment_status":"closed","ping_status":"closed","sticky":false,"template":"","format":"standard","meta":{"footnotes":""},"categories":[1],"tags":[],"class_list":["post-147870","post","type-post","status-publish","format-standard","has-post-thumbnail","hentry","category-startseite"],"_links":{"self":[{"href":"https:\/\/www.fuldaernachrichten.de\/index.php?rest_route=\/wp\/v2\/posts\/147870","targetHints":{"allow":["GET"]}}],"collection":[{"href":"https:\/\/www.fuldaernachrichten.de\/index.php?rest_route=\/wp\/v2\/posts"}],"about":[{"href":"https:\/\/www.fuldaernachrichten.de\/index.php?rest_route=\/wp\/v2\/types\/post"}],"author":[{"embeddable":true,"href":"https:\/\/www.fuldaernachrichten.de\/index.php?rest_route=\/wp\/v2\/users\/1"}],"replies":[{"embeddable":true,"href":"https:\/\/www.fuldaernachrichten.de\/index.php?rest_route=%2Fwp%2Fv2%2Fcomments&post=147870"}],"version-history":[{"count":1,"href":"https:\/\/www.fuldaernachrichten.de\/index.php?rest_route=\/wp\/v2\/posts\/147870\/revisions"}],"predecessor-version":[{"id":147884,"href":"https:\/\/www.fuldaernachrichten.de\/index.php?rest_route=\/wp\/v2\/posts\/147870\/revisions\/147884"}],"wp:featuredmedia":[{"embeddable":true,"href":"https:\/\/www.fuldaernachrichten.de\/index.php?rest_route=\/wp\/v2\/media\/147883"}],"wp:attachment":[{"href":"https:\/\/www.fuldaernachrichten.de\/index.php?rest_route=%2Fwp%2Fv2%2Fmedia&parent=147870"}],"wp:term":[{"taxonomy":"category","embeddable":true,"href":"https:\/\/www.fuldaernachrichten.de\/index.php?rest_route=%2Fwp%2Fv2%2Fcategories&post=147870"},{"taxonomy":"post_tag","embeddable":true,"href":"https:\/\/www.fuldaernachrichten.de\/index.php?rest_route=%2Fwp%2Fv2%2Ftags&post=147870"}],"curies":[{"name":"wp","href":"https:\/\/api.w.org\/{rel}","templated":true}]}}