{"id":147812,"date":"2016-02-05T18:09:33","date_gmt":"2016-02-05T17:09:33","guid":{"rendered":"http:\/\/www.fuldaer-nachrichten.de\/?p=147812"},"modified":"2016-02-05T18:09:33","modified_gmt":"2016-02-05T17:09:33","slug":"passionskonzert-im-hochchor-des-domes-2","status":"publish","type":"post","link":"https:\/\/www.fuldaernachrichten.de\/?p=147812","title":{"rendered":"Passionskonzert im Hochchor des Domes"},"content":{"rendered":"<p>Capella Cathedralis Fulda und Arno Paduch mit dem Johann Rosenm\u00fcller Ensemble\u00c2\u00a0 pr\u00e4sentieren Busspsalmvertonungen von Johann Rosenm\u00fcller<\/p>\n<p>Mit besonders hohen und anspruchsvollen Erwartungen schauen viele Konzertinteressierte in jedem Jahr auf das Passionskonzert im Hochchor des Fuldaer Domes. Hier wird immer etwas Besonderes in h\u00f6chster Qualit\u00e4t geboten.<\/p>\n<p>Und in diesem Jahr am 4. M\u00e4rz? Ausschlie\u00dflich Werke von Johann Rosenm\u00fcller.<br \/>\nUnter der Gesamtleitung von Domkapellmeister Franz-Peter Huber und mit den Solisten Simone Schwark, Sopran, Christian Rohrbach, Altus, Georg Poplutz, Tenor und Ekkehard Abele, Bass gestalten die Capella Cathedralis und das Rosenm\u00fcllerensemble Psalmvertonungen von ihm.<\/p>\n<p>Kann das spannend sein? Wer war dieser Rosenm\u00fcller?<\/p>\n<p>Johann Rosenm\u00fcller wurde um 1619 in \u00d6lsnitz (Vogtland) geboren, besuchte die Lateinschule seiner Stadt, war ab 1640 an der theologischen Fakult\u00e4t Leipzig immatrikuliert und wird erstmalig als \u201eCollaborator\u201c (Hilfslehrer) an der Leipziger Thomasschule erw\u00e4hnt. Dort r\u00fcckte er 1649 zum Baccalaureus (Bachelor) funerum (rangh\u00f6chster Collaborator, wohl bei Beerdigungen) und in das Organistenamt in der Leipziger Nicolaikirche auf. Nach einer mehrj\u00e4hrigen Zeit als Thomaskantor in der Nachfolge von Tobias Michael und weiteren T\u00e4tigkeiten bricht Rosenm\u00fcller 1660 in eines der europ\u00e4ischen Musikzentren nach Venedig auf. Hier entdeckt er die ber\u00fchmte klangvolle Mehrch\u00f6rigkeit, die dort vielfach\u00c2\u00a0 von konzertierenden Instrumentalgruppen begleitet wird. Ihm\u00c2\u00a0 gelingt jetzt kompositorisch der \u00dcbergang zur f\u00fcr ihn neuen Concerto-Aria-Kantate.<br \/>\nNach Italien reisenden deutschen Komponisten (z.B. J. Ph. Krieger) gibt er in Venedig \u201eitalienischen\u201c Kompositionsunterricht, durchreisende deutsche F\u00fcrsten macht er mit\u00c2\u00a0 italienischen Instrumentalkonzerten (Concerti grossi) bekannt. Auf diesem Wege baut Rosenm\u00fcller auch eine Beziehung zu Herzog Anton Ulrich von Braunschweig-Wolfenb\u00fcttel auf, dem es gelingt, Rosenm\u00fcller 1682 zum Wolfenb\u00fctteler Kapellmeister zu berufen. Nach kurzer intensiver Neuaufbauphase des dortigen Orchesters stirbt Johann Rosenm\u00fcller in Wolfenb\u00fcttel im September 1684.<\/p>\n<p>Kaum ein anderer Komponist wurde \u00fcber einen\u00c2\u00a0 langen Zeitraum so sehr gesch\u00e4tzt wie Johann Rosenm\u00fcller: von Heinrich Sch\u00fctz, der in den 1640er Jahren ein Lobgedicht auf den jungen Komponisten schrieb, bis zu Telemann, der noch 1740 das Werk Rosenm\u00fcllers als vorbildhaft lobte, reiht sich Lob an Lob.<br \/>\n\u201eGeadelt\u201c allerdings wurde Johann Rosenm\u00fcller von Johann Sebastian Bach, der Rosenm\u00fcllers f\u00fcnfstimmigen Sterbechoral \u201eWelt ade! ich bin dein m\u00fcde\u201c unver\u00e4ndert in seine eigene Kantate \u201eWer wei\u00df, wie nahe mir mein Ende\u201c (BWV 27) \u00fcbernahm. Ein einzigartiger, einmaliger Vorgang in Bachs Schaffen.<\/p>\n<p>Im Konzert der Capella Cathedralis erklingen gro\u00dfartige und gro\u00df besetzte Psalmkompositionen aus Rosenm\u00fcllers venezianischer Zeit: hier offenbart ein deutscher ausgereifter Komponist italienische Weltoffenheit, Virtuosit\u00e4t, Klangsinnlichkeit und geb\u00e4rdenstarke Kraft.<\/p>\n<p>Ausgew\u00e4hlt wurden von Domkapellmeister Franz-Peter Huber f\u00fcr dieses Konzert die Vertonungen von Psalm 130 \u201eAus der Tiefe rufe ich\u201c, Psalm 6 \u201eAch Herr, strafe mich nicht in deinem Zorn\u201c, Psalm 51 \u201eGott, sei mir gn\u00e4dig\u201c, Psalm 139 \u201eHerr, du erforschest mich und kennest mich\u201c, Psalm 31 \u201eHerr, auf dich traue ich\u201c. Psalm 120 \u201eIch rufe zu dem Herrn in meiner Not\u201c und Psalm 111 \u201eIch danke dem Herrn von ganzem Herzen\u201c.<\/p>\n<p>Es wartet ein\u00c2\u00a0 Konzert mit faszinierenden Eindr\u00fccken vom italienisch-deutschen Musikbarock auf viele Zuh\u00f6rerinnen und Zuh\u00f6rer!<br \/>\n4.3.2016, 20.00 Uhr<br \/>\nVorverkauf<br \/>\n18 Euro\/ 15 Euro erm\u00e4\u00dfigt f\u00fcr Sch\u00fcler, Studenten und Auszubildende<br \/>\nCh\u00f6re am Dom, Eduard-Schick-Platz 3, 36037 Fulda<br \/>\nTel.: 0661-87390, choere-am-dom@bistum-fulda.de<\/p>\n","protected":false},"excerpt":{"rendered":"<div class=\"tmnf_excerpt\"><p>Capella Cathedralis Fulda und Arno Paduch mit dem Johann Rosenm\u00fcller Ensemble\u00c2\u00a0 pr\u00e4sentieren Busspsalmvertonungen von Johann Rosenm\u00fcller Mit besonders hohen und anspruchsvollen Erwartungen schauen viele Konzertinteressierte in jedem Jahr auf das Passionskonzert im Hochchor des Fuldaer Domes. Hier wird immer etwas Besonderes in h\u00f6chster Qualit\u00e4t geboten. Und in diesem Jahr am 4. M\u00e4rz? Ausschlie\u00dflich Werke von &hellip;<\/p>\n<\/div>","protected":false},"author":1,"featured_media":147817,"comment_status":"closed","ping_status":"closed","sticky":false,"template":"","format":"standard","meta":{"footnotes":""},"categories":[50,44],"tags":[],"class_list":["post-147812","post","type-post","status-publish","format-standard","has-post-thumbnail","hentry","category-kirche","category-kultur"],"_links":{"self":[{"href":"https:\/\/www.fuldaernachrichten.de\/index.php?rest_route=\/wp\/v2\/posts\/147812","targetHints":{"allow":["GET"]}}],"collection":[{"href":"https:\/\/www.fuldaernachrichten.de\/index.php?rest_route=\/wp\/v2\/posts"}],"about":[{"href":"https:\/\/www.fuldaernachrichten.de\/index.php?rest_route=\/wp\/v2\/types\/post"}],"author":[{"embeddable":true,"href":"https:\/\/www.fuldaernachrichten.de\/index.php?rest_route=\/wp\/v2\/users\/1"}],"replies":[{"embeddable":true,"href":"https:\/\/www.fuldaernachrichten.de\/index.php?rest_route=%2Fwp%2Fv2%2Fcomments&post=147812"}],"version-history":[{"count":1,"href":"https:\/\/www.fuldaernachrichten.de\/index.php?rest_route=\/wp\/v2\/posts\/147812\/revisions"}],"predecessor-version":[{"id":147818,"href":"https:\/\/www.fuldaernachrichten.de\/index.php?rest_route=\/wp\/v2\/posts\/147812\/revisions\/147818"}],"wp:featuredmedia":[{"embeddable":true,"href":"https:\/\/www.fuldaernachrichten.de\/index.php?rest_route=\/wp\/v2\/media\/147817"}],"wp:attachment":[{"href":"https:\/\/www.fuldaernachrichten.de\/index.php?rest_route=%2Fwp%2Fv2%2Fmedia&parent=147812"}],"wp:term":[{"taxonomy":"category","embeddable":true,"href":"https:\/\/www.fuldaernachrichten.de\/index.php?rest_route=%2Fwp%2Fv2%2Fcategories&post=147812"},{"taxonomy":"post_tag","embeddable":true,"href":"https:\/\/www.fuldaernachrichten.de\/index.php?rest_route=%2Fwp%2Fv2%2Ftags&post=147812"}],"curies":[{"name":"wp","href":"https:\/\/api.w.org\/{rel}","templated":true}]}}