{"id":147801,"date":"2016-02-04T21:42:15","date_gmt":"2016-02-04T20:42:15","guid":{"rendered":"http:\/\/www.fuldaer-nachrichten.de\/?p=147801"},"modified":"2016-02-04T21:42:15","modified_gmt":"2016-02-04T20:42:15","slug":"akademieabend-familie-in-der-krise-oder-warum-fruehe-hilfen-am-donnerstag-11-februar-2016-um-1900-uhr","status":"publish","type":"post","link":"https:\/\/www.fuldaernachrichten.de\/?p=147801","title":{"rendered":"Akademieabend:   Familie in der Krise &#8211; oder warum \u201eFr\u00fche Hilfen&#8221;  am Donnerstag, 11. Februar 2016 um 19:00 Uhr"},"content":{"rendered":"<p>Die Stiftung Sozialdienst katholischer Frauen (SkF) im Bistum Fulda wurde 2007 von Bischof Heinz Josef Algermissen gegr\u00fcndet und engagiert sich in der Unterst\u00fctzung und Hilfestellung von Not leidenden Menschen im Bistum Fulda. Sie leistet Hilfe unabh\u00e4ngig von Nationalit\u00e4t und Konfession. Die Hilfeleistungen erstrecken sich \u00fcber Beratung sowie tatkr\u00e4ftiger als auch finanzieller Unterst\u00fctzung f\u00fcr Schwangere, junge Familien, Alleinerziehende, Kinder und Jugendliche sowie \u00e4ltere oder kranke Menschen. Die Organisationsform der Stiftung wurde gew\u00e4hlt, da sie sicherstellt, dass Hilfe dauerhaft zur Verf\u00fcgung steht und sich kontinuierlich kraftvoller entwickeln kann. Um nah bei den Menschen zu sein, verf\u00fcgt sie inzwischen \u00fcber f\u00fcnf Unterstiftungen f\u00fcr die verschiedenen Regionen der Di\u00f6zese.<\/p>\n<p>Um der vielf\u00e4ltigen und wertvollen Arbeit dieser Stiftung im \u00fcbertragenen Sinne ein Gesicht zu geben, wurde im Sommer 2013 ein Fotoprojekt mit dem Fuldaer Fotografen Robert Gro\u00df durchgef\u00fchrt. Menschen aus dem gesamten Bistum Fulda, die von Einzelschicksalen getroffen sind und auch Menschen, die sich in unseren Projekten treffen oder engagieren, hat Herr Gro\u00df fotografiert.<\/p>\n<p>Diese Ausstellung ist im Anschluss an den Akademieabend im Bonifatiushaus bis zum 4. M\u00e4rz 2016 zu besichtigen.<\/p>\n","protected":false},"excerpt":{"rendered":"<div class=\"tmnf_excerpt\"><p>Die Stiftung Sozialdienst katholischer Frauen (SkF) im Bistum Fulda wurde 2007 von Bischof Heinz Josef Algermissen gegr\u00fcndet und engagiert sich in der Unterst\u00fctzung und Hilfestellung von Not leidenden Menschen im Bistum Fulda. Sie leistet Hilfe unabh\u00e4ngig von Nationalit\u00e4t und Konfession. Die Hilfeleistungen erstrecken sich \u00fcber Beratung sowie tatkr\u00e4ftiger als auch finanzieller Unterst\u00fctzung f\u00fcr Schwangere, junge &hellip;<\/p>\n<\/div>","protected":false},"author":1,"featured_media":0,"comment_status":"closed","ping_status":"closed","sticky":false,"template":"","format":"standard","meta":{"footnotes":""},"categories":[1],"tags":[],"class_list":["post-147801","post","type-post","status-publish","format-standard","hentry","category-startseite"],"_links":{"self":[{"href":"https:\/\/www.fuldaernachrichten.de\/index.php?rest_route=\/wp\/v2\/posts\/147801","targetHints":{"allow":["GET"]}}],"collection":[{"href":"https:\/\/www.fuldaernachrichten.de\/index.php?rest_route=\/wp\/v2\/posts"}],"about":[{"href":"https:\/\/www.fuldaernachrichten.de\/index.php?rest_route=\/wp\/v2\/types\/post"}],"author":[{"embeddable":true,"href":"https:\/\/www.fuldaernachrichten.de\/index.php?rest_route=\/wp\/v2\/users\/1"}],"replies":[{"embeddable":true,"href":"https:\/\/www.fuldaernachrichten.de\/index.php?rest_route=%2Fwp%2Fv2%2Fcomments&post=147801"}],"version-history":[{"count":1,"href":"https:\/\/www.fuldaernachrichten.de\/index.php?rest_route=\/wp\/v2\/posts\/147801\/revisions"}],"predecessor-version":[{"id":147802,"href":"https:\/\/www.fuldaernachrichten.de\/index.php?rest_route=\/wp\/v2\/posts\/147801\/revisions\/147802"}],"wp:attachment":[{"href":"https:\/\/www.fuldaernachrichten.de\/index.php?rest_route=%2Fwp%2Fv2%2Fmedia&parent=147801"}],"wp:term":[{"taxonomy":"category","embeddable":true,"href":"https:\/\/www.fuldaernachrichten.de\/index.php?rest_route=%2Fwp%2Fv2%2Fcategories&post=147801"},{"taxonomy":"post_tag","embeddable":true,"href":"https:\/\/www.fuldaernachrichten.de\/index.php?rest_route=%2Fwp%2Fv2%2Ftags&post=147801"}],"curies":[{"name":"wp","href":"https:\/\/api.w.org\/{rel}","templated":true}]}}