{"id":147795,"date":"2016-02-04T21:43:59","date_gmt":"2016-02-04T20:43:59","guid":{"rendered":"http:\/\/www.fuldaer-nachrichten.de\/?p=147795"},"modified":"2016-02-04T21:43:59","modified_gmt":"2016-02-04T20:43:59","slug":"die-wanderjahre-des-august-zollinger-lesung-mit-dem-spanischen-autor-pablo-dors","status":"publish","type":"post","link":"https:\/\/www.fuldaernachrichten.de\/?p=147795","title":{"rendered":"Die Wanderjahre des August Zollinger Lesung mit dem spanischen Autor Pablo d\u00e2\u20ac\u2122Ors"},"content":{"rendered":"<p>Die Stadt freut sich, dass Sie den spanischen Autor Pablo d`Ors f\u00fcr eine Lesung aus dessen Roman \u201eDie Wanderjahre des August Zollinger\u201c, am 16. Februar 2016, um 19.00 Uhr, im VHS Forum, Kanzlerpalais, Unterm Hl. Kreuz 1, 36037 Fulda, gewinnen konnte.<\/p>\n<p>Der junge August Zollinger sucht nach seiner Berufung \u2013 und versucht sich in<br \/>\nverschiedenen Berufen. Seinen Traum, B\u00fccher zu drucken, kann er in seinem<br \/>\nHeimatort nicht verwirklichen. Deshalb zieht er hinaus in die Welt: Er arbeitet<br \/>\nals Bahnw\u00e4rter (und erliegt der Stimme einer Telefonistin), verdingt sich als<br \/>\nSoldat in der Armee (und erh\u00f6rt die Stimme der B\u00e4ume), fertigt Stempel und<br \/>\nSchuhe (und erkennt sie an ihrem Klang). Am Ende seiner Lehr- und Wanderjahre findet er \u2013 tats\u00e4chlich \u2013 das gro\u00dfe Gl\u00fcck in den ganz kleinen Dingen. Der Weg der Vollkommenheit, auf den sich August Zollinger begibt, ist zwar ges\u00e4umt von Hindernissen \u2013 doch alle sind sie zu \u00fcberwinden. Pablo d\u00e2\u20ac\u2122Ors hat einen anr\u00fchrenden, fein ziselierten Roman geschrieben, der in einem zeitlosen, m\u00e4rchenhaften \u00d6sterreich mit Schweizer Ortsnamen und deutschen Dichtern und Denkern spielt: einer Welt, in der Klopstock, Goethe und Hesse mit Roth, Walser und Ramuz zusammenkommen.<\/p>\n<p>Pablo d`Ors entf\u00fchrt den Leser und Zuh\u00f6rer in die zauberhafte Welt des Buchdruckers August Zollinger der in der Fremde seine Bestimmung findet.<\/p>\n<p>Pablo d\u00e2\u20ac\u2122Ors wurde 1963 in Madrid geboren und hat in New York, Rom, Prag und Wien Theologie und Philosophie studiert. 1991 lie\u00df er sich zum Priester weihen und ging f\u00fcr mehrere Jahre nach Honduras. Neben seinen Romanen ver\u00f6ffentlicht d\u00e2\u20ac\u2122Ors auch Essays, die in Spanien hohe Auflagen erreichen. Er ist seit dem 1. Juli 2014 Consultor, Berater des P\u00e4pstlichen Kulturrates im Vatikan.<\/p>\n<p>Es handelt sich um eine Lesung in spanischer Sprache. Die Moderation und \u00dcbersetzung \u00fcbernimmt Yolanda Prieto vom spanischen Kulturinstitut in Frankfurt.<\/p>\n<p>Der Eintritt zur Lesung ist frei.<\/p>\n","protected":false},"excerpt":{"rendered":"<div class=\"tmnf_excerpt\"><p>Die Stadt freut sich, dass Sie den spanischen Autor Pablo d`Ors f\u00fcr eine Lesung aus dessen Roman \u201eDie Wanderjahre des August Zollinger\u201c, am 16. Februar 2016, um 19.00 Uhr, im VHS Forum, Kanzlerpalais, Unterm Hl. Kreuz 1, 36037 Fulda, gewinnen konnte. Der junge August Zollinger sucht nach seiner Berufung \u2013 und versucht sich in verschiedenen &hellip;<\/p>\n<\/div>","protected":false},"author":1,"featured_media":0,"comment_status":"closed","ping_status":"closed","sticky":false,"template":"","format":"standard","meta":{"footnotes":""},"categories":[1],"tags":[],"class_list":["post-147795","post","type-post","status-publish","format-standard","hentry","category-startseite"],"_links":{"self":[{"href":"https:\/\/www.fuldaernachrichten.de\/index.php?rest_route=\/wp\/v2\/posts\/147795","targetHints":{"allow":["GET"]}}],"collection":[{"href":"https:\/\/www.fuldaernachrichten.de\/index.php?rest_route=\/wp\/v2\/posts"}],"about":[{"href":"https:\/\/www.fuldaernachrichten.de\/index.php?rest_route=\/wp\/v2\/types\/post"}],"author":[{"embeddable":true,"href":"https:\/\/www.fuldaernachrichten.de\/index.php?rest_route=\/wp\/v2\/users\/1"}],"replies":[{"embeddable":true,"href":"https:\/\/www.fuldaernachrichten.de\/index.php?rest_route=%2Fwp%2Fv2%2Fcomments&post=147795"}],"version-history":[{"count":1,"href":"https:\/\/www.fuldaernachrichten.de\/index.php?rest_route=\/wp\/v2\/posts\/147795\/revisions"}],"predecessor-version":[{"id":147809,"href":"https:\/\/www.fuldaernachrichten.de\/index.php?rest_route=\/wp\/v2\/posts\/147795\/revisions\/147809"}],"wp:attachment":[{"href":"https:\/\/www.fuldaernachrichten.de\/index.php?rest_route=%2Fwp%2Fv2%2Fmedia&parent=147795"}],"wp:term":[{"taxonomy":"category","embeddable":true,"href":"https:\/\/www.fuldaernachrichten.de\/index.php?rest_route=%2Fwp%2Fv2%2Fcategories&post=147795"},{"taxonomy":"post_tag","embeddable":true,"href":"https:\/\/www.fuldaernachrichten.de\/index.php?rest_route=%2Fwp%2Fv2%2Ftags&post=147795"}],"curies":[{"name":"wp","href":"https:\/\/api.w.org\/{rel}","templated":true}]}}