{"id":147781,"date":"2016-02-04T21:40:25","date_gmt":"2016-02-04T20:40:25","guid":{"rendered":"http:\/\/www.fuldaer-nachrichten.de\/?p=147781"},"modified":"2016-02-04T21:40:25","modified_gmt":"2016-02-04T20:40:25","slug":"theaterstueck-der-besonderen-art-grosser-applaus-fuer-nachwuchsschauspieler-mit-und-ohne-handicap","status":"publish","type":"post","link":"https:\/\/www.fuldaernachrichten.de\/?p=147781","title":{"rendered":"Theaterst\u00fcck der besonderen Art Gro\u00dfer Applaus f\u00fcr Nachwuchsschauspieler mit und ohne Handicap"},"content":{"rendered":"<p>Einer besonderen Herausforderung hatten sich insgesamt 250 Sch\u00fclerinnen und Sch\u00fcler gestellt, die k\u00fcrzlich mit ihren Klassenverb\u00e4nden eine Interpretation der Farbe Purpur anl\u00e4sslich der 28. Schultheatertage auf die B\u00fchne gebracht hatten.<\/p>\n<p>Mit von der Partie waren auch 14 Jugendliche der Freiherr-vom-Stein-Schule, die in Kooperation mit f\u00fcnf Menschen mit Behinderung aus der Theater AG des antonius-Netzwerkes Mensch und der Perspektiva-Initiative Fulda Futur auftraten. Gemeinsam mit der Leiterin der Theatergruppe, Judith Winkelbach, hatte die Gruppe gemeinsam f\u00fcr den, allen Gruppen gleicherma\u00dfen, siebenmin\u00fctigen Auftritt geprobt. Unter dem gro\u00dfen Applaus von 500 G\u00e4sten f\u00fchrten die Laien-Schauspieler ein Schattenst\u00fcck auf, das besonders durch die pantomimischen Leistungen \u00fcberzeugte. Begeistert zeigte sich Betreuerin Larissa Mihm von Fulda Futur: \u201eSchon von Beginn der Proben an war dies eine Begegnung auf Augenh\u00f6he \u2013 das Thema Behinderung spielte keine Rolle.\u201c<\/p>\n<p>Magdalena Flache vom antonius-Netzwerk Mensch erg\u00e4nzt: \u201eVon Ausgrenzung von Menschen mit Handicap konnte bei den Schultheatertagen keine Rede sein. Denn nicht die Behinderung, sondern die Eigen-Art jedes Einzelnen stand im Rampenlicht.\u201c<\/p>\n","protected":false},"excerpt":{"rendered":"<div class=\"tmnf_excerpt\"><p>Einer besonderen Herausforderung hatten sich insgesamt 250 Sch\u00fclerinnen und Sch\u00fcler gestellt, die k\u00fcrzlich mit ihren Klassenverb\u00e4nden eine Interpretation der Farbe Purpur anl\u00e4sslich der 28. Schultheatertage auf die B\u00fchne gebracht hatten. Mit von der Partie waren auch 14 Jugendliche der Freiherr-vom-Stein-Schule, die in Kooperation mit f\u00fcnf Menschen mit Behinderung aus der Theater AG des antonius-Netzwerkes Mensch &hellip;<\/p>\n<\/div>","protected":false},"author":1,"featured_media":147791,"comment_status":"closed","ping_status":"closed","sticky":false,"template":"","format":"standard","meta":{"footnotes":""},"categories":[1],"tags":[],"class_list":["post-147781","post","type-post","status-publish","format-standard","has-post-thumbnail","hentry","category-startseite"],"_links":{"self":[{"href":"https:\/\/www.fuldaernachrichten.de\/index.php?rest_route=\/wp\/v2\/posts\/147781","targetHints":{"allow":["GET"]}}],"collection":[{"href":"https:\/\/www.fuldaernachrichten.de\/index.php?rest_route=\/wp\/v2\/posts"}],"about":[{"href":"https:\/\/www.fuldaernachrichten.de\/index.php?rest_route=\/wp\/v2\/types\/post"}],"author":[{"embeddable":true,"href":"https:\/\/www.fuldaernachrichten.de\/index.php?rest_route=\/wp\/v2\/users\/1"}],"replies":[{"embeddable":true,"href":"https:\/\/www.fuldaernachrichten.de\/index.php?rest_route=%2Fwp%2Fv2%2Fcomments&post=147781"}],"version-history":[{"count":1,"href":"https:\/\/www.fuldaernachrichten.de\/index.php?rest_route=\/wp\/v2\/posts\/147781\/revisions"}],"predecessor-version":[{"id":147793,"href":"https:\/\/www.fuldaernachrichten.de\/index.php?rest_route=\/wp\/v2\/posts\/147781\/revisions\/147793"}],"wp:featuredmedia":[{"embeddable":true,"href":"https:\/\/www.fuldaernachrichten.de\/index.php?rest_route=\/wp\/v2\/media\/147791"}],"wp:attachment":[{"href":"https:\/\/www.fuldaernachrichten.de\/index.php?rest_route=%2Fwp%2Fv2%2Fmedia&parent=147781"}],"wp:term":[{"taxonomy":"category","embeddable":true,"href":"https:\/\/www.fuldaernachrichten.de\/index.php?rest_route=%2Fwp%2Fv2%2Fcategories&post=147781"},{"taxonomy":"post_tag","embeddable":true,"href":"https:\/\/www.fuldaernachrichten.de\/index.php?rest_route=%2Fwp%2Fv2%2Ftags&post=147781"}],"curies":[{"name":"wp","href":"https:\/\/api.w.org\/{rel}","templated":true}]}}