{"id":147734,"date":"2016-02-02T18:05:44","date_gmt":"2016-02-02T17:05:44","guid":{"rendered":"http:\/\/www.fuldaer-nachrichten.de\/?p=147734"},"modified":"2016-02-02T18:05:44","modified_gmt":"2016-02-02T17:05:44","slug":"frauentag-drei-wochen-programm-16-veranstaltungen-des-frauennetzwerks-vortraege-filme-seminare","status":"publish","type":"post","link":"https:\/\/www.fuldaernachrichten.de\/?p=147734","title":{"rendered":"Frauentag: Drei Wochen Programm 16 Veranstaltungen des Frauennetzwerks \u2013 Vortr\u00e4ge, Filme, Seminare"},"content":{"rendered":"<p>Vom 1. bis zum 19. M\u00e4rz wird es rund um den internationalen Frauentag am 8. M\u00e4rz ein abwechslungsreiches Programm geben. Die Gleichstellungs- und Migrationsbeauftragte des Vogelsbergkreises, Magdalena Pitzer, hat zusammen mit der WIR-Koordinatorin Michaela Stefan und den Mitgliedern des Vogelsberger Frauennetzwerks 16 Veranstaltungen von und f\u00fcr Frauen im Kreis koordiniert und geplant. Der gemeinsame Veranstaltungsflyer liegt in vielen \u00f6ffentlichen Einrichtungen zum Mitnehmen bereit, au\u00dferdem ist er auf der Internetseite des Vogelsbergkreises unter www.vogelsbergkreis.de als PDF herunterladbar.<\/p>\n<p>Es kann gekocht, getrommelt und gestickt werden, wer m\u00f6chte, kann auch ein Tagesseminar f\u00fcr gesundes Sehen oder einen Selbstverteidigungskurs besuchen. In Lauterbach wird es Vortr\u00e4ge zu Themen wie \u201eFrauen auf der Flucht\u201c und zu \u201eStereotypen und Vorurteile\u201c geben, au\u00dferdem einen vielsagenden Vortrag zur K\u00f6rpersprache und einen zum Spannungsfeld \u201eKarriere, eigene Bed\u00fcrfnisse und Kindererziehung\u201c. Am 1. M\u00e4rz spielt das Lichtspielhaus Lauterbach \u201eMonsieur Claude und seine T\u00f6chter\u201c und der Bezirkslandfrauenverein Lauterbach l\u00e4dt zur Soiree mit Sekt und H\u00e4ppchen, am Frauentag selbst k\u00f6nnen Frauen und M\u00e4dchen am \u201eFrauenWeltenTeppich\u201c in Schwalmtal mitwirken. Den Abschluss des Programms bildet ein Internationales Frauenbegegnungsfest mit Essen, Musik und Tanz. F\u00fcr das Buffet kann unter Anleitung in der K\u00fcche der Schule an der Wascherde gewerkelt werden, oder Frau bereichert das Buffet mit selbst hergestellten Leckereien.<\/p>\n","protected":false},"excerpt":{"rendered":"<div class=\"tmnf_excerpt\"><p>Vom 1. bis zum 19. M\u00e4rz wird es rund um den internationalen Frauentag am 8. M\u00e4rz ein abwechslungsreiches Programm geben. Die Gleichstellungs- und Migrationsbeauftragte des Vogelsbergkreises, Magdalena Pitzer, hat zusammen mit der WIR-Koordinatorin Michaela Stefan und den Mitgliedern des Vogelsberger Frauennetzwerks 16 Veranstaltungen von und f\u00fcr Frauen im Kreis koordiniert und geplant. Der gemeinsame Veranstaltungsflyer &hellip;<\/p>\n<\/div>","protected":false},"author":1,"featured_media":147739,"comment_status":"closed","ping_status":"closed","sticky":false,"template":"","format":"standard","meta":{"footnotes":""},"categories":[1],"tags":[],"class_list":["post-147734","post","type-post","status-publish","format-standard","has-post-thumbnail","hentry","category-startseite"],"_links":{"self":[{"href":"https:\/\/www.fuldaernachrichten.de\/index.php?rest_route=\/wp\/v2\/posts\/147734","targetHints":{"allow":["GET"]}}],"collection":[{"href":"https:\/\/www.fuldaernachrichten.de\/index.php?rest_route=\/wp\/v2\/posts"}],"about":[{"href":"https:\/\/www.fuldaernachrichten.de\/index.php?rest_route=\/wp\/v2\/types\/post"}],"author":[{"embeddable":true,"href":"https:\/\/www.fuldaernachrichten.de\/index.php?rest_route=\/wp\/v2\/users\/1"}],"replies":[{"embeddable":true,"href":"https:\/\/www.fuldaernachrichten.de\/index.php?rest_route=%2Fwp%2Fv2%2Fcomments&post=147734"}],"version-history":[{"count":1,"href":"https:\/\/www.fuldaernachrichten.de\/index.php?rest_route=\/wp\/v2\/posts\/147734\/revisions"}],"predecessor-version":[{"id":147740,"href":"https:\/\/www.fuldaernachrichten.de\/index.php?rest_route=\/wp\/v2\/posts\/147734\/revisions\/147740"}],"wp:featuredmedia":[{"embeddable":true,"href":"https:\/\/www.fuldaernachrichten.de\/index.php?rest_route=\/wp\/v2\/media\/147739"}],"wp:attachment":[{"href":"https:\/\/www.fuldaernachrichten.de\/index.php?rest_route=%2Fwp%2Fv2%2Fmedia&parent=147734"}],"wp:term":[{"taxonomy":"category","embeddable":true,"href":"https:\/\/www.fuldaernachrichten.de\/index.php?rest_route=%2Fwp%2Fv2%2Fcategories&post=147734"},{"taxonomy":"post_tag","embeddable":true,"href":"https:\/\/www.fuldaernachrichten.de\/index.php?rest_route=%2Fwp%2Fv2%2Ftags&post=147734"}],"curies":[{"name":"wp","href":"https:\/\/api.w.org\/{rel}","templated":true}]}}