{"id":147727,"date":"2016-02-02T18:03:53","date_gmt":"2016-02-02T17:03:53","guid":{"rendered":"http:\/\/www.fuldaer-nachrichten.de\/?p=147727"},"modified":"2016-02-02T18:03:53","modified_gmt":"2016-02-02T17:03:53","slug":"unterstuetzung-fuer-die-fluechtlingshilfe-computer-l-a-n-spendet-an-gruemel-und-welcome-in","status":"publish","type":"post","link":"https:\/\/www.fuldaernachrichten.de\/?p=147727","title":{"rendered":"Unterst\u00fctzung f\u00fcr die Fl\u00fcchtlingshilfe \u2013 Computer-L.A.N. spendet an Gr\u00fcmel und Welcome In"},"content":{"rendered":"<p>Der Zustrom von Fl\u00fcchtlingen nach Deutschland ist derzeit das bestimmende Thema in Politik, Wirtschaft und Medien. Auch in Fulda engagieren sich viele Ehrenamtliche, um den Menschen aus Kriegs- und Krisengebieten zu helfen. Als im vergangenen Jahr die Vorbereitungen f\u00fcr das 25-j\u00e4hrige Firmenjubil\u00e4um von Computer-L.A.N. anstanden, war f\u00fcr Gesch\u00e4ftsf\u00fchrer Esmail Akbari daher klar: \u201eWir als Unternehmer m\u00fcssen Organisationen der Fl\u00fcchtlingshilfe durch Spenden unterst\u00fctzen.\u201c Anstelle einer gro\u00dfen Feier mit Kunden und Gesch\u00e4ftspartnern entschied sich die Gesch\u00e4ftsf\u00fchrung f\u00fcr ein kleines Fest \u2013 und f\u00fcr eine Spendenaktion. Dazu lud Computer-L.A.N. seine Kunden zu einem Quiz ein und steckte f\u00fcr jede richtig beantwortete Frage zwei Euro in den Spendentopf. Die Gesamtsumme in H\u00f6he von 1.500 Euro hat L.A.N. jetzt an zwei Fuldaer Einrichtungen \u00fcbergeben: die Gr\u00fcmel gGmbH und \u201eWelcome In\u201c.<\/p>\n<p>Gisela Geiger betreut bei Gr\u00fcmel die Gemeinschaftsunterkunft in Hofbieber. In den vergangenen 14 Monaten hat sie seitens der B\u00fcrger viel Unterst\u00fctzung und eine gro\u00dfe Spendenbereitschaft erfahren. \u201eWir haben einen gro\u00dfen Kreis an Helfern vor Ort\u201c, sagt Geiger. Vom Umgang mit den Bewohnern kann sie nur Gutes berichten. \u201eIch empfinde die Fl\u00fcchtlinge als dankbar, freundlich und entgegenkommend.\u201c<\/p>\n<p>Sachspenden und F\u00f6rderer gesucht<br \/>\nTrotz der Unterst\u00fctzung lassen sich manche Ideen noch nicht umsetzen. Damit die Fl\u00fcchtlinge schneller Deutsch lernen, plant Gr\u00fcmel etwa, zus\u00e4tzliche Sprachf\u00f6rderung durch neue Medien anzubieten. Hierf\u00fcr fehlen jedoch noch Drucker und Verbrauchsmaterial, sagt Gisela Geiger. Bei Welcome In ist die Situation \u00e4hnlich. \u201eWir m\u00f6chten einen Begegnungsraum einrichten, in dem Fl\u00fcchtlinge und B\u00fcrger miteinander in Kontakt kommen k\u00f6nnen\u201c, berichtet Vera Link, die sich bei Welcome In um die \u00d6ffentlichkeitsarbeit k\u00fcmmert. Dazu sucht die Initiative zentrale R\u00e4ume und auch F\u00f6rderer, die zum Beispiel die Mietkosten tragen.<\/p>\n<p>Die L.A.N.-Gesch\u00e4ftsf\u00fchrer Esmail Akbari und Michael Haeuser sind sich sicher, dass die Spende in guten H\u00e4nden ist. \u201eWir freuen uns\u201c, sagt Michael Haeuser, \u201edass wir Einrichtungen haben, die den Fl\u00fcchtlingen vor Ort so engagiert helfen.\u201c<\/p>\n<p>\u201eWelcome In\u201c ist eine Fuldaer Initiative, die sich f\u00fcr Fl\u00fcchtlinge einsetzt. Die Gruppe ist 2009 aus der bundesweiten \u201eSave Me\u201c-Kampagne hervorgegangen, seit 2014 tr\u00e4gt sie den aktuellen Namen. Neben der Asylberatung bietet die Gruppe Deutschkurse sowie eine Vielzahl an Freizeitbesch\u00e4ftigungen an. Dazu geh\u00f6ren Sport-, Musik- und Frauenprojekte.<\/p>\n<p>Die Gr\u00fcmel gGmbH in Fulda-Johannesberg blickt bereits auf eine fast drei\u00dfigj\u00e4hrige Geschichte zur\u00fcck. Urspr\u00fcnglich wurde sie als \u201egemeinn\u00fctzige Gesellschaft f\u00fcr Ausbildung, Qualifizierung und Besch\u00e4ftigung\u201c gegr\u00fcndet, mit dem Ziel, Arbeitslose auf dem Weg ins Berufsleben zu unterst\u00fctzen. Inzwischen h\u00e4lt Gr\u00fcmel eine breite Palette an Dienstleistungen bereit. Seit 2014\/2015 betreibt die Einrichtung im Auftrag des Landkreises Fulda zwei Gemeinschaftsunterk\u00fcnfte f\u00fcr Fl\u00fcchtlinge.<\/p>\n","protected":false},"excerpt":{"rendered":"<div class=\"tmnf_excerpt\"><p>Der Zustrom von Fl\u00fcchtlingen nach Deutschland ist derzeit das bestimmende Thema in Politik, Wirtschaft und Medien. Auch in Fulda engagieren sich viele Ehrenamtliche, um den Menschen aus Kriegs- und Krisengebieten zu helfen. Als im vergangenen Jahr die Vorbereitungen f\u00fcr das 25-j\u00e4hrige Firmenjubil\u00e4um von Computer-L.A.N. anstanden, war f\u00fcr Gesch\u00e4ftsf\u00fchrer Esmail Akbari daher klar: \u201eWir als Unternehmer &hellip;<\/p>\n<\/div>","protected":false},"author":1,"featured_media":147729,"comment_status":"closed","ping_status":"closed","sticky":false,"template":"","format":"standard","meta":{"footnotes":""},"categories":[29],"tags":[],"class_list":["post-147727","post","type-post","status-publish","format-standard","has-post-thumbnail","hentry","category-politik"],"_links":{"self":[{"href":"https:\/\/www.fuldaernachrichten.de\/index.php?rest_route=\/wp\/v2\/posts\/147727","targetHints":{"allow":["GET"]}}],"collection":[{"href":"https:\/\/www.fuldaernachrichten.de\/index.php?rest_route=\/wp\/v2\/posts"}],"about":[{"href":"https:\/\/www.fuldaernachrichten.de\/index.php?rest_route=\/wp\/v2\/types\/post"}],"author":[{"embeddable":true,"href":"https:\/\/www.fuldaernachrichten.de\/index.php?rest_route=\/wp\/v2\/users\/1"}],"replies":[{"embeddable":true,"href":"https:\/\/www.fuldaernachrichten.de\/index.php?rest_route=%2Fwp%2Fv2%2Fcomments&post=147727"}],"version-history":[{"count":1,"href":"https:\/\/www.fuldaernachrichten.de\/index.php?rest_route=\/wp\/v2\/posts\/147727\/revisions"}],"predecessor-version":[{"id":147730,"href":"https:\/\/www.fuldaernachrichten.de\/index.php?rest_route=\/wp\/v2\/posts\/147727\/revisions\/147730"}],"wp:featuredmedia":[{"embeddable":true,"href":"https:\/\/www.fuldaernachrichten.de\/index.php?rest_route=\/wp\/v2\/media\/147729"}],"wp:attachment":[{"href":"https:\/\/www.fuldaernachrichten.de\/index.php?rest_route=%2Fwp%2Fv2%2Fmedia&parent=147727"}],"wp:term":[{"taxonomy":"category","embeddable":true,"href":"https:\/\/www.fuldaernachrichten.de\/index.php?rest_route=%2Fwp%2Fv2%2Fcategories&post=147727"},{"taxonomy":"post_tag","embeddable":true,"href":"https:\/\/www.fuldaernachrichten.de\/index.php?rest_route=%2Fwp%2Fv2%2Ftags&post=147727"}],"curies":[{"name":"wp","href":"https:\/\/api.w.org\/{rel}","templated":true}]}}