{"id":147644,"date":"2016-01-31T18:56:09","date_gmt":"2016-01-31T17:56:09","guid":{"rendered":"http:\/\/www.fuldaer-nachrichten.de\/?p=147644"},"modified":"2016-01-31T18:56:09","modified_gmt":"2016-01-31T17:56:09","slug":"cdu-kreisspitze-nicht-lernfaehig-im-bereich-schule","status":"publish","type":"post","link":"https:\/\/www.fuldaernachrichten.de\/?p=147644","title":{"rendered":"CDU Kreisspitze nicht lernf\u00e4hig im Bereich Schule"},"content":{"rendered":"<p>Nach den j\u00fcngsten Angriffen der CDU auf den gr\u00fcnen Kreisbeigeordneten Zielinski zur geplanten Verlagerung der F\u00f6rderschule von Gem\u00fcnden antworten die beiden Spitzenkandidaten der Gr\u00fcnen Szepanski und Ornik. Sie werfen der CDU eine inhaltlose Politik, die auf pers\u00f6nlichen Angriffen beruht vor.<\/p>\n<p>Die angedachte Verlagerung der F\u00f6rderschule von Gem\u00fcnden an den Standort der Grundschule und der Gesamtschule in Homberg, so Dr. Udo ornik, Fraktionschef der Gr\u00fcnen im Kreistag,\u00c2\u00a0 geht auf den von den drei\u00c2\u00a0 betroffenen Schulleitungen aus Gem\u00fcnden und Homberg im Rahmen des Bildungsforums einhellig ge\u00e4u\u00dferten Wunsch zur\u00fcck. Die \u00dcberlegung, F\u00f6rderschulen an weiterf\u00fchrenden Schulen zu verlagern, um damit die Inklusion besser umsetzen zu k\u00f6nnen, wurde dort\u00c2\u00a0 sehr breit im diskutiert. Im \u00dcbrigen entspricht diese Vorgehensweise im Grundsatz dem Vorhaben\u00c2\u00a0 des Hessischen Kultusministeriums, ab dem Schuljahr 2016\/2017 sogenannte \u201einklusive Schulb\u00fcndnisse\u201c zu unterst\u00fctzen. (siehe Presseinformation vom 21.01.2016) Diese Schulb\u00fcndnisse erm\u00f6glichen den allgemeinen Schulen, den F\u00f6rderschulen sowie den Beratungs- und F\u00f6rderzentren einer bestimmten Region mehr Handlungsspielraum und mehr Eigenverantwortung in der Schaffung geeigneter Strukturen f\u00fcr eine sinnvolle F\u00f6rderung und Beschulung aller Kinder einer Region. Hier steht Herr Paule mit seinem Angriff auch gegen Erkenntnisse seiner eigenen Partei, so die schulpolitische Fraktionssprecherin der Kreistagsfraktion Eva Bernhardt.<\/p>\n<p>Die gew\u00fcnschte m\u00f6glichst zeitnahe Umsetzung der Verlagerung wurde an den\u00c2\u00a0 Kreisbeigeordneten Zielinski herangetragen und von ihm in die Wege geleitet. Da sich nichts an der Schulform \u00e4ndert -\u00c2\u00a0 es zieht lediglich eine Schule in ein anderes Geb\u00e4ude an einem anderen, \u00fcbrigens im Versorgungsgebiet des Beratungs-und F\u00f6rderzentrum liegenden, Ort um \u2013 ist ein Kreistagsbeschluss nicht notwendig. So macht es Sinn diese Optimierungsmassnahme z\u00fcgig umzusetzen. Der Kreisausschuss wurde informiert und dorther hat ja dann Herr Paule auch sicherlich die Information bekommen.\u00c2\u00a0 Nun mag es sein, dass man im Wahlkampf in Ermangelung anderer Themen , wie die Vogelsberger CDU nur danach schaut, wie aus einem korrekten Vorgang einen Skandal konstruiert werden kann. Doch wenn sich st\u00e4ndig herausstellt, dass deren Anschuldigungen sich als haltlos erweisen (angeblicher Eisteichskandal, politische Agitation der VHS, omin\u00f6se Vereinbarungen, \u00e2\u20ac\u00a6)\u00c2\u00a0 muss man sich fragen, ob man grunds\u00e4tzlich nicht lernf\u00e4hig ist und stur ein geschmackloses Wahlkampfkonzept vorantreibt. Und sich nach Meinung von Spitzenkandidatin Szepanski nat\u00fcrlich auch die Frage stellen, ob das einzige, das der CDU im Kreis nicht gef\u00e4llt, ein hauptamtlicher Beigeordneter der Gr\u00fcnen ist. Das Wahlziel der CDU, Herrn Zielinski abzuw\u00e4hlen, haben wir Gr\u00fcnen vernommen, so Fraktionsvorsitzender Dr. Ornik. Zumindest sind damit alle \u00dcberlegungen derer vom Tisch, die sich nach der Wahl irgendeine Form der Zusammenarbeit mit der CDU vorstellen k\u00f6nnen.<\/p>\n","protected":false},"excerpt":{"rendered":"<div class=\"tmnf_excerpt\"><p>Nach den j\u00fcngsten Angriffen der CDU auf den gr\u00fcnen Kreisbeigeordneten Zielinski zur geplanten Verlagerung der F\u00f6rderschule von Gem\u00fcnden antworten die beiden Spitzenkandidaten der Gr\u00fcnen Szepanski und Ornik. Sie werfen der CDU eine inhaltlose Politik, die auf pers\u00f6nlichen Angriffen beruht vor. Die angedachte Verlagerung der F\u00f6rderschule von Gem\u00fcnden an den Standort der Grundschule und der Gesamtschule &hellip;<\/p>\n<\/div>","protected":false},"author":1,"featured_media":0,"comment_status":"closed","ping_status":"closed","sticky":false,"template":"","format":"standard","meta":{"footnotes":""},"categories":[29],"tags":[],"class_list":["post-147644","post","type-post","status-publish","format-standard","hentry","category-politik"],"_links":{"self":[{"href":"https:\/\/www.fuldaernachrichten.de\/index.php?rest_route=\/wp\/v2\/posts\/147644","targetHints":{"allow":["GET"]}}],"collection":[{"href":"https:\/\/www.fuldaernachrichten.de\/index.php?rest_route=\/wp\/v2\/posts"}],"about":[{"href":"https:\/\/www.fuldaernachrichten.de\/index.php?rest_route=\/wp\/v2\/types\/post"}],"author":[{"embeddable":true,"href":"https:\/\/www.fuldaernachrichten.de\/index.php?rest_route=\/wp\/v2\/users\/1"}],"replies":[{"embeddable":true,"href":"https:\/\/www.fuldaernachrichten.de\/index.php?rest_route=%2Fwp%2Fv2%2Fcomments&post=147644"}],"version-history":[{"count":1,"href":"https:\/\/www.fuldaernachrichten.de\/index.php?rest_route=\/wp\/v2\/posts\/147644\/revisions"}],"predecessor-version":[{"id":147646,"href":"https:\/\/www.fuldaernachrichten.de\/index.php?rest_route=\/wp\/v2\/posts\/147644\/revisions\/147646"}],"wp:attachment":[{"href":"https:\/\/www.fuldaernachrichten.de\/index.php?rest_route=%2Fwp%2Fv2%2Fmedia&parent=147644"}],"wp:term":[{"taxonomy":"category","embeddable":true,"href":"https:\/\/www.fuldaernachrichten.de\/index.php?rest_route=%2Fwp%2Fv2%2Fcategories&post=147644"},{"taxonomy":"post_tag","embeddable":true,"href":"https:\/\/www.fuldaernachrichten.de\/index.php?rest_route=%2Fwp%2Fv2%2Ftags&post=147644"}],"curies":[{"name":"wp","href":"https:\/\/api.w.org\/{rel}","templated":true}]}}