{"id":147630,"date":"2016-01-31T00:38:20","date_gmt":"2016-01-30T23:38:20","guid":{"rendered":"http:\/\/www.fuldaer-nachrichten.de\/?p=147630"},"modified":"2016-01-30T21:38:42","modified_gmt":"2016-01-30T20:38:42","slug":"gruene-zu-gallasiniring-bis-gerbergasse","status":"publish","type":"post","link":"https:\/\/www.fuldaernachrichten.de\/?p=147630","title":{"rendered":"GR\u00dcNE zu Gallasiniring bis Gerbergasse"},"content":{"rendered":"<p>Am kommenden Montag, 1. Februar 2016 findet die letzte Sitzung der Fuldaer Stadtverordneten ab 18 Uhr im F\u00fcrstensaal des Stadtschlosses statt. Die Stadtfraktion der GR\u00dcNEN stellt acht Anfragen zu aktuellen Themen.<\/p>\n<p>Das derzeit ungenutzte Eika-Areal wird wohl bald wieder genutzt \u2013 zumindest deuten Verkaufsverhandlungen darauf hin. Doch ob das denkmalgesch\u00fctzte Geb\u00e4ude bald von Altpapierbergen umlagert sein wird oder welche Nutzung f\u00fcr das Geb\u00e4ude selber vorgesehen ist, ist noch unklar. Die GR\u00dcNEN fragen nach dem Sachstand.<\/p>\n<p>Diesen m\u00f6chten sie auch zum Areal am L\u00f6hertor erfahren. Der Neubau eines Einkaufszentrums mit 18.000 m2\u00c2\u00a0 Verkaufsfl\u00e4che \u2013 Ende 2010 wurde der Bebauungsplan nach den Vorgaben des Eigent\u00fcmers entsprechend ge\u00e4ndert, &#8211; scheint vom Tisch \u2013 doch \u201enichts Genaues wei\u00df man nicht\u201c wird salopp.formuliert \u201eWir hoffen sehr, dass dieses Areal nun doch noch nachhaltig entwickelt wird. In Fulda fehlt bezahlbarer Wohnraum \u2013 L\u00e4den haben wir genug.\u201c<\/p>\n<p>Vor einem knappen Jahr wurde bekannt, dass auf dem vorderen Teil des Gel\u00e4ndes der ehemaligen Rh\u00f6n-M\u00f6belfabrik am Horaser Weg zehn Reihenh\u00e4user entstehen werden und auch die Villa kernsaniert werde. Da sich jedoch dort immer noch nichts tut, fragen die GR\u00dcNEN auch hier nach dem Sachstand.<\/p>\n<p>Vor einem Jahr wurde auf Dr\u00e4ngen der GR\u00dcNEN hin beschlossen, dass die Stadt sich um den Geb\u00e4udekomplex Gallasiniring 8 \u2013 10 bem\u00fcht, da das Geb\u00e4ude mit den dort ans\u00e4ssigen Initiativen M\u00fctterzentrum und Familienstiftung und der Bundesverband Rehabilitation ein wichtiges Zentrum f\u00fcr das Projekt \u201eSoziale Stadt\u201c darstellt. Auch hier interessiert die GR\u00dcNE Fraktion der Sachstand.<\/p>\n<p>Nach dem Geb\u00e4ude Friedrichstra\u00dfe 24 wurde Anfang Dezember 2015 auch das Haus Buttermarkt 9 verpackt. \u201eWarum wurden die H\u00e4user in bedruckte Folien verh\u00fcllt? Sind Hausverpackungen dieser Art im Sinne der Fuldaer Gestaltungssatzung? Das Geb\u00e4ude am Buttermarkt zeigt sich in einem weihnachtlichen Outfit \u2013 wie lange noch?\u201c, m\u00f6chten die GR\u00dcNEN erfahren.<\/p>\n<p>Das Taubenhaus in der Fuldaaue scheint die Anzahl der Stadttauben in der Innenstadt nicht reduziert zu haben. \u201eF\u00fcr wie erfolgreich sch\u00e4tzt der Magistrat das Projekt ein? Sind weitere Ma\u00dfnahmen geplant, die Populationen der Fuldaer Stadttauben einzud\u00e4mmen?\u201c<\/p>\n<p>Bezugnehmend auf die Antwort der Anfrage \u201eParkdeck Osthessencenter \u2013 maroder Zustand (SVV 21.09.2015)\u201c fragt die GR\u00dcNE-Stadtverordnetenfraktion: \u201eWann hat die Osthessencenter\u2013Eigent\u00fcmergemeinschaft den von der Bauaufsicht geforderten aktuellen Standsicherheitsnachweis f\u00fcr das Parkdeck vorgelegt?\u201c<\/p>\n<p>Ab und zu wird eher zuf\u00e4llig bekannt wird, dass vorgesehene Ausgleichsma\u00dfnahmen \u2013 als Ersatz f\u00fcr die durch Bauma\u00dfnahmen verursachten Eingriffe in die Natur \u2013 gar nicht umgesetzt wurden. Auch zu diesem Thema haben die GR\u00dcNEN eine Anfrage vorbereitet.<\/p>\n<p>Abschlie\u00dfend schlagen die GR\u00dcNEN vor: \u201eWenn Sie am kommenden Montag Zeit haben, besuchen Sie doch die Stadtverordnetenversammlung im Fuldaer Stadtschloss. Sie beginnt um 18 Uhr im F\u00fcrstensaal und ist \u00f6ffentlich. F\u00fcr Interessierte stehen ziemlich bequeme gepolsterte St\u00fchle bereit. Vielleicht gewinnen Sie dadurch neue Erkenntnisse, die auch am 6. M\u00e4rz 2016 n\u00fctzlich sein k\u00f6nnen. Am ersten M\u00e4rzsonntag wird n\u00e4mlich auch \u00fcber die Neubesetzung des Fuldaer Stadtparlaments abgestimmt.\u201c<\/p>\n<p>Den Wortlaut der Initiativen finden Sie auf www.gruene-stadt-fulda.de.<\/p>\n","protected":false},"excerpt":{"rendered":"<div class=\"tmnf_excerpt\"><p>Am kommenden Montag, 1. Februar 2016 findet die letzte Sitzung der Fuldaer Stadtverordneten ab 18 Uhr im F\u00fcrstensaal des Stadtschlosses statt. Die Stadtfraktion der GR\u00dcNEN stellt acht Anfragen zu aktuellen Themen. Das derzeit ungenutzte Eika-Areal wird wohl bald wieder genutzt \u2013 zumindest deuten Verkaufsverhandlungen darauf hin. Doch ob das denkmalgesch\u00fctzte Geb\u00e4ude bald von Altpapierbergen umlagert &hellip;<\/p>\n<\/div>","protected":false},"author":1,"featured_media":0,"comment_status":"closed","ping_status":"closed","sticky":false,"template":"","format":"standard","meta":{"footnotes":""},"categories":[29],"tags":[],"class_list":["post-147630","post","type-post","status-publish","format-standard","hentry","category-politik"],"_links":{"self":[{"href":"https:\/\/www.fuldaernachrichten.de\/index.php?rest_route=\/wp\/v2\/posts\/147630","targetHints":{"allow":["GET"]}}],"collection":[{"href":"https:\/\/www.fuldaernachrichten.de\/index.php?rest_route=\/wp\/v2\/posts"}],"about":[{"href":"https:\/\/www.fuldaernachrichten.de\/index.php?rest_route=\/wp\/v2\/types\/post"}],"author":[{"embeddable":true,"href":"https:\/\/www.fuldaernachrichten.de\/index.php?rest_route=\/wp\/v2\/users\/1"}],"replies":[{"embeddable":true,"href":"https:\/\/www.fuldaernachrichten.de\/index.php?rest_route=%2Fwp%2Fv2%2Fcomments&post=147630"}],"version-history":[{"count":1,"href":"https:\/\/www.fuldaernachrichten.de\/index.php?rest_route=\/wp\/v2\/posts\/147630\/revisions"}],"predecessor-version":[{"id":147634,"href":"https:\/\/www.fuldaernachrichten.de\/index.php?rest_route=\/wp\/v2\/posts\/147630\/revisions\/147634"}],"wp:attachment":[{"href":"https:\/\/www.fuldaernachrichten.de\/index.php?rest_route=%2Fwp%2Fv2%2Fmedia&parent=147630"}],"wp:term":[{"taxonomy":"category","embeddable":true,"href":"https:\/\/www.fuldaernachrichten.de\/index.php?rest_route=%2Fwp%2Fv2%2Fcategories&post=147630"},{"taxonomy":"post_tag","embeddable":true,"href":"https:\/\/www.fuldaernachrichten.de\/index.php?rest_route=%2Fwp%2Fv2%2Ftags&post=147630"}],"curies":[{"name":"wp","href":"https:\/\/api.w.org\/{rel}","templated":true}]}}