{"id":147611,"date":"2016-01-30T16:44:01","date_gmt":"2016-01-30T15:44:01","guid":{"rendered":"http:\/\/www.fuldaer-nachrichten.de\/?p=147611"},"modified":"2016-01-30T16:44:01","modified_gmt":"2016-01-30T15:44:01","slug":"kalligrafie-ausstellung-noch-bis-mitte-maerz-im-seniorenzentrum-vitanas","status":"publish","type":"post","link":"https:\/\/www.fuldaernachrichten.de\/?p=147611","title":{"rendered":"Kalligrafie-Ausstellung noch bis Mitte M\u00e4rz im Seniorenzentrum \u201eVitanas\u201c"},"content":{"rendered":"<p>Kalligrafie, das ist die Kunst der sch\u00f6nen Schrift. 54 Exponate aus dem Kalligrafie-Kurs der Volkshochschule des Landkreises Fulda sind noch bis Mitte M\u00e4rz in den R\u00e4umen des Seniorenzentrums \u201eVitanas\u201c im Stadtteil Fulda-Galerie zu sehen. Teilnehmer der vergangenen Kurse pr\u00e4sentieren ihre fantasievoll gestalteten Zitate und Sinnspr\u00fcche, geschrieben in &#8220;R\u00f6mischen Majuskel&#8221; oder &#8220;Unziale&#8221;. Bei den Werken handelt es sich allesamt um Unikate, die in den Kalligrafie-Kursen der VHS unter Leitung von Simone Kirsch in den letzten zehn Jahren entstanden sind. Ein neuer Kurs beginnt am Donnerstag, 4. Februar, um 18.30 Uhr im Georg-Stieler-Haus, Gallasiniring 1, in Fulda. Anmeldung unter der Kursnummer VM2050113 www.vhs-fulda.de oder Telefon (0661)6006-1600.<\/p>\n","protected":false},"excerpt":{"rendered":"<div class=\"tmnf_excerpt\"><p>Kalligrafie, das ist die Kunst der sch\u00f6nen Schrift. 54 Exponate aus dem Kalligrafie-Kurs der Volkshochschule des Landkreises Fulda sind noch bis Mitte M\u00e4rz in den R\u00e4umen des Seniorenzentrums \u201eVitanas\u201c im Stadtteil Fulda-Galerie zu sehen. Teilnehmer der vergangenen Kurse pr\u00e4sentieren ihre fantasievoll gestalteten Zitate und Sinnspr\u00fcche, geschrieben in &#8220;R\u00f6mischen Majuskel&#8221; oder &#8220;Unziale&#8221;. Bei den Werken handelt &hellip;<\/p>\n<\/div>","protected":false},"author":1,"featured_media":147625,"comment_status":"closed","ping_status":"closed","sticky":false,"template":"","format":"standard","meta":{"footnotes":""},"categories":[1],"tags":[],"class_list":["post-147611","post","type-post","status-publish","format-standard","has-post-thumbnail","hentry","category-startseite"],"_links":{"self":[{"href":"https:\/\/www.fuldaernachrichten.de\/index.php?rest_route=\/wp\/v2\/posts\/147611","targetHints":{"allow":["GET"]}}],"collection":[{"href":"https:\/\/www.fuldaernachrichten.de\/index.php?rest_route=\/wp\/v2\/posts"}],"about":[{"href":"https:\/\/www.fuldaernachrichten.de\/index.php?rest_route=\/wp\/v2\/types\/post"}],"author":[{"embeddable":true,"href":"https:\/\/www.fuldaernachrichten.de\/index.php?rest_route=\/wp\/v2\/users\/1"}],"replies":[{"embeddable":true,"href":"https:\/\/www.fuldaernachrichten.de\/index.php?rest_route=%2Fwp%2Fv2%2Fcomments&post=147611"}],"version-history":[{"count":1,"href":"https:\/\/www.fuldaernachrichten.de\/index.php?rest_route=\/wp\/v2\/posts\/147611\/revisions"}],"predecessor-version":[{"id":147628,"href":"https:\/\/www.fuldaernachrichten.de\/index.php?rest_route=\/wp\/v2\/posts\/147611\/revisions\/147628"}],"wp:featuredmedia":[{"embeddable":true,"href":"https:\/\/www.fuldaernachrichten.de\/index.php?rest_route=\/wp\/v2\/media\/147625"}],"wp:attachment":[{"href":"https:\/\/www.fuldaernachrichten.de\/index.php?rest_route=%2Fwp%2Fv2%2Fmedia&parent=147611"}],"wp:term":[{"taxonomy":"category","embeddable":true,"href":"https:\/\/www.fuldaernachrichten.de\/index.php?rest_route=%2Fwp%2Fv2%2Fcategories&post=147611"},{"taxonomy":"post_tag","embeddable":true,"href":"https:\/\/www.fuldaernachrichten.de\/index.php?rest_route=%2Fwp%2Fv2%2Ftags&post=147611"}],"curies":[{"name":"wp","href":"https:\/\/api.w.org\/{rel}","templated":true}]}}