{"id":147607,"date":"2016-01-30T16:40:55","date_gmt":"2016-01-30T15:40:55","guid":{"rendered":"http:\/\/www.fuldaer-nachrichten.de\/?p=147607"},"modified":"2016-01-30T16:40:55","modified_gmt":"2016-01-30T15:40:55","slug":"rhoener-rotmilanschutzprojekt-informationsabend-fuer-landwirte","status":"publish","type":"post","link":"https:\/\/www.fuldaernachrichten.de\/?p=147607","title":{"rendered":"Rh\u00f6ner Rotmilanschutzprojekt \u2013 Informationsabend f\u00fcr Landwirte"},"content":{"rendered":"<p>Das Biosph\u00e4renreservat Rh\u00f6n l\u00e4dt in Zusammenarbeit mit dem Kreisbauernverband Fulda-H\u00fcnfeld e. V. zu einem Informationsabend \u00fcber das Rh\u00f6ner Naturschutzgro\u00dfprojekt \u201eArtenhilfsprojekt Rotmilan Rh\u00f6n\u201c ein. Die Veranstaltung findet am Mittwoch, 03. Februar 2016 um 20.00 Uhr im Gasthaus Steinwand, Steinwand 5, 36163 Poppenhausen (Wasserkuppe), statt. Projektleiter Bastian Sauer stellt das Projekt vor und informiert, wie sich die Landwirte\/-innen der Region einbringen k\u00f6nnen.<\/p>\n","protected":false},"excerpt":{"rendered":"<div class=\"tmnf_excerpt\"><p>Das Biosph\u00e4renreservat Rh\u00f6n l\u00e4dt in Zusammenarbeit mit dem Kreisbauernverband Fulda-H\u00fcnfeld e. V. zu einem Informationsabend \u00fcber das Rh\u00f6ner Naturschutzgro\u00dfprojekt \u201eArtenhilfsprojekt Rotmilan Rh\u00f6n\u201c ein. Die Veranstaltung findet am Mittwoch, 03. Februar 2016 um 20.00 Uhr im Gasthaus Steinwand, Steinwand 5, 36163 Poppenhausen (Wasserkuppe), statt. Projektleiter Bastian Sauer stellt das Projekt vor und informiert, wie sich die &hellip;<\/p>\n<\/div>","protected":false},"author":1,"featured_media":0,"comment_status":"closed","ping_status":"closed","sticky":false,"template":"","format":"standard","meta":{"footnotes":""},"categories":[1],"tags":[],"class_list":["post-147607","post","type-post","status-publish","format-standard","hentry","category-startseite"],"_links":{"self":[{"href":"https:\/\/www.fuldaernachrichten.de\/index.php?rest_route=\/wp\/v2\/posts\/147607","targetHints":{"allow":["GET"]}}],"collection":[{"href":"https:\/\/www.fuldaernachrichten.de\/index.php?rest_route=\/wp\/v2\/posts"}],"about":[{"href":"https:\/\/www.fuldaernachrichten.de\/index.php?rest_route=\/wp\/v2\/types\/post"}],"author":[{"embeddable":true,"href":"https:\/\/www.fuldaernachrichten.de\/index.php?rest_route=\/wp\/v2\/users\/1"}],"replies":[{"embeddable":true,"href":"https:\/\/www.fuldaernachrichten.de\/index.php?rest_route=%2Fwp%2Fv2%2Fcomments&post=147607"}],"version-history":[{"count":1,"href":"https:\/\/www.fuldaernachrichten.de\/index.php?rest_route=\/wp\/v2\/posts\/147607\/revisions"}],"predecessor-version":[{"id":147614,"href":"https:\/\/www.fuldaernachrichten.de\/index.php?rest_route=\/wp\/v2\/posts\/147607\/revisions\/147614"}],"wp:attachment":[{"href":"https:\/\/www.fuldaernachrichten.de\/index.php?rest_route=%2Fwp%2Fv2%2Fmedia&parent=147607"}],"wp:term":[{"taxonomy":"category","embeddable":true,"href":"https:\/\/www.fuldaernachrichten.de\/index.php?rest_route=%2Fwp%2Fv2%2Fcategories&post=147607"},{"taxonomy":"post_tag","embeddable":true,"href":"https:\/\/www.fuldaernachrichten.de\/index.php?rest_route=%2Fwp%2Fv2%2Ftags&post=147607"}],"curies":[{"name":"wp","href":"https:\/\/api.w.org\/{rel}","templated":true}]}}