{"id":147544,"date":"2016-01-29T09:51:46","date_gmt":"2016-01-29T08:51:46","guid":{"rendered":"http:\/\/www.fuldaer-nachrichten.de\/?p=147544"},"modified":"2016-01-29T09:51:46","modified_gmt":"2016-01-29T08:51:46","slug":"birgit-koempel-zu-besuch-bei-der-unternehmensgruppe-hahner-in-boeckels","status":"publish","type":"post","link":"https:\/\/www.fuldaernachrichten.de\/?p=147544","title":{"rendered":"Birgit K\u00f6mpel zu Besuch bei der Unternehmensgruppe Hahner in B\u00f6ckels"},"content":{"rendered":"<p><a href=\"http:\/\/www.fuldaer-nachrichten.de\/wp-content\/uploads\/2016\/01\/Hahner_2.jpg\" rel=\"attachment wp-att-147546\"><img decoding=\"async\" class=\"alignleft size-thumbnail wp-image-147546\" src=\"http:\/\/www.fuldaer-nachrichten.de\/wp-content\/uploads\/2016\/01\/Hahner_2-265x176.jpg\" alt=\"Hahner_2\" width=\"265\" height=\"176\" srcset=\"https:\/\/www.fuldaernachrichten.de\/wp-content\/uploads\/2016\/01\/Hahner_2-265x176.jpg 265w, https:\/\/www.fuldaernachrichten.de\/wp-content\/uploads\/2016\/01\/Hahner_2-768x511.jpg 768w, https:\/\/www.fuldaernachrichten.de\/wp-content\/uploads\/2016\/01\/Hahner_2-600x399.jpg 600w, https:\/\/www.fuldaernachrichten.de\/wp-content\/uploads\/2016\/01\/Hahner_2.jpg 900w\" sizes=\"(max-width: 265px) 100vw, 265px\" \/><\/a>Bernhard Hahner ist ein bescheidener Mann. Er arbeitet gerne und ist seinen Besch\u00e4ftigten ein gro\u00dfz\u00fcgiger und besonnener Chef. Dass Hahner stets auf dem Boden blieb, ist angesichts der unglaublichen Erfolgsgeschichte nicht selbstverst\u00e4ndlich. Als Ein-Mann-Betrieb hatte Hahner 1989 in der Garage seines Vaters begonnen, heute leitet er eine Unternehmensgruppe, die 330 Mitarbeiterinnen und Mitarbeiter besch\u00e4ftigt. Hauptunternehmen ist Hahner-Stahlbau, direkt in der Nachbarschaft auf dem Firmengel\u00e4nde in Petersberg-B\u00f6ckels ist die Schwesterfirma Texmer beheimatet.<\/p>\n<p>\u201eIch bin beeindruckt von dieser Entwicklung\u201c, erkl\u00e4rt Birgit K\u00f6mpel (SPD) nach einem Besuch bei Bernhard Hahner.\u00c2\u00a0 Der Chef der mehrfach preisgekr\u00f6nten Unternehmensgruppe nahm sich ausreichend Zeit, der SPD-Bundestagsabgeordneten einige Bereiche seines Unternehmens zu pr\u00e4sentieren. \u201eIch freue mich sehr, dass sich Mut und Beharrlichkeit rentieren. Solche Mittelst\u00e4ndler wie Bernhard Hahner sind wichtig f\u00fcr die Region und f\u00fcr ganz Deutschland\u201c, sagte K\u00f6mpel.<\/p>\n<p>Zwei Zahlen belegen den B\u00f6ckelser H\u00f6henflug deutlich: Vor vier Jahren machte die Unternehmensgruppe einen Umsatz in H\u00f6he von 12 Millionen Euro, heute sind es 50 Millionen Euro. \u201eIch k\u00fcmmere mich um die Finanzen, bin Inspirator, Controller und Konfliktl\u00f6ser\u201c, berichtet Hahner, der gerne selbst mehr handwerklich arbeiten w\u00fcrde.<\/p>\n<p>W\u00e4hrend Hahner-Stahlbau sich mit Stahlkonstruktionen besch\u00e4ftigt, bewegt sich Texmer in\u00c2\u00a0 der Textilindustrie und liefert Ersatzteile f\u00fcr Maschinen fast aller Hersteller.\u00e2\u20ac\u00a8Dar\u00fcber hinaus hat sich Texmer eine weltweit f\u00fchrende Position in der Herstellung von Spezialgattern geschaffen. In ganz Europa aber auch bis nach China oder GUS-Staaten exportiert das Unternehmen.<\/p>\n<p>Hahner, der Obermeister der Metall-Innung innerhalb der Kreishandwerkerschaft ist, w\u00fcnscht sich, dass Unternehmer seitens der Beh\u00f6rden besser unterst\u00fctzt werden. \u201eEs gibt immer wieder kleinere G\u00e4ngeleien und B\u00fcrokratismus, die einem Unternehmer weh tun und ihn hemmen\u201c, erkl\u00e4rt der Firmenchef, der auch stets einen Blick in die Zukunft wirft: \u201eDie Berufsbilder im Handwerksbereich verschmelzen.\u00c2\u00a0 Es wird fr\u00fcher oder sp\u00e4ter den Handwerkergesellen geben statt des Maschinenbauers oder des Schreiners.\u201c Hahner und K\u00f6mpel waren sich dar\u00fcber einig, dass ein Handwerker in Zukunft einen h\u00f6heren Stellenwert haben wird. Und die Abgeordnete freute sich dar\u00fcber, dass in B\u00f6ckels auch Wert auf die Ausbildung junger Frauen gelegt wird.<\/p>\n","protected":false},"excerpt":{"rendered":"<div class=\"tmnf_excerpt\"><p>Bernhard Hahner ist ein bescheidener Mann. Er arbeitet gerne und ist seinen Besch\u00e4ftigten ein gro\u00dfz\u00fcgiger und besonnener Chef. Dass Hahner stets auf dem Boden blieb, ist angesichts der unglaublichen Erfolgsgeschichte nicht selbstverst\u00e4ndlich. Als Ein-Mann-Betrieb hatte Hahner 1989 in der Garage seines Vaters begonnen, heute leitet er eine Unternehmensgruppe, die 330 Mitarbeiterinnen und Mitarbeiter besch\u00e4ftigt. Hauptunternehmen &hellip;<\/p>\n<\/div>","protected":false},"author":1,"featured_media":147545,"comment_status":"closed","ping_status":"closed","sticky":false,"template":"","format":"standard","meta":{"footnotes":""},"categories":[1],"tags":[],"class_list":["post-147544","post","type-post","status-publish","format-standard","has-post-thumbnail","hentry","category-startseite"],"_links":{"self":[{"href":"https:\/\/www.fuldaernachrichten.de\/index.php?rest_route=\/wp\/v2\/posts\/147544","targetHints":{"allow":["GET"]}}],"collection":[{"href":"https:\/\/www.fuldaernachrichten.de\/index.php?rest_route=\/wp\/v2\/posts"}],"about":[{"href":"https:\/\/www.fuldaernachrichten.de\/index.php?rest_route=\/wp\/v2\/types\/post"}],"author":[{"embeddable":true,"href":"https:\/\/www.fuldaernachrichten.de\/index.php?rest_route=\/wp\/v2\/users\/1"}],"replies":[{"embeddable":true,"href":"https:\/\/www.fuldaernachrichten.de\/index.php?rest_route=%2Fwp%2Fv2%2Fcomments&post=147544"}],"version-history":[{"count":1,"href":"https:\/\/www.fuldaernachrichten.de\/index.php?rest_route=\/wp\/v2\/posts\/147544\/revisions"}],"predecessor-version":[{"id":147551,"href":"https:\/\/www.fuldaernachrichten.de\/index.php?rest_route=\/wp\/v2\/posts\/147544\/revisions\/147551"}],"wp:featuredmedia":[{"embeddable":true,"href":"https:\/\/www.fuldaernachrichten.de\/index.php?rest_route=\/wp\/v2\/media\/147545"}],"wp:attachment":[{"href":"https:\/\/www.fuldaernachrichten.de\/index.php?rest_route=%2Fwp%2Fv2%2Fmedia&parent=147544"}],"wp:term":[{"taxonomy":"category","embeddable":true,"href":"https:\/\/www.fuldaernachrichten.de\/index.php?rest_route=%2Fwp%2Fv2%2Fcategories&post=147544"},{"taxonomy":"post_tag","embeddable":true,"href":"https:\/\/www.fuldaernachrichten.de\/index.php?rest_route=%2Fwp%2Fv2%2Ftags&post=147544"}],"curies":[{"name":"wp","href":"https:\/\/api.w.org\/{rel}","templated":true}]}}