{"id":147530,"date":"2016-01-28T06:54:57","date_gmt":"2016-01-28T05:54:57","guid":{"rendered":"http:\/\/www.fuldaer-nachrichten.de\/?p=147530"},"modified":"2016-01-28T06:59:06","modified_gmt":"2016-01-28T05:59:06","slug":"award-of-excellence-2016-fuer-ausgezeichnete-produktion","status":"publish","type":"post","link":"https:\/\/www.fuldaernachrichten.de\/?p=147530","title":{"rendered":"Award of Excellence 2016 f\u00fcr \u201eAusgezeichnete Produktion\u201c"},"content":{"rendered":"<p>\u201eExzellentes\u201c Gesp\u00fcr f\u00fcr Gestaltung und Produktion hat die Fuldaer Werbeagentur cre art mit dem hauseigenen Jahreskalender 2016 bewiesen und damit Ende Januar gleich zwei der begehrten Preise des \u201egregor international calender award\u201c gewonnen.<\/p>\n<p>Das unter dem Motto \u201eGold\u201c stehende Gemeinschaftswerk der Mitarbeiter von cre art. Neidhardt Werbe GmbH \u2013 vom Azubi bis zum erfahrenen Kreativen \u2013 wurde von der fachkundigen Jury des international bedeutenden Wettbewerbs mit Silber bewertet. \u00dcberraschendes Highlight der diesj\u00e4hrigen Preisverleihung im Haus der Wirtschaft in Stuttgart bildete f\u00fcr das Team vor Ort allerdings die zus\u00e4tzliche Auszeichnung mit dem \u201eAward of Excellence\u201c. Den bekam cre art n\u00e4mlich f\u00fcr die ausgesprochen raffinierte und hochwertige Produktion des eigenen Jahreskalenders verliehen. \u201eJeder der schon einmal Gold gedruckt hat wei\u00df, dass dies eine der gr\u00f6\u00dften Herausforderungen ist. Herausragend auch die speziell angewendeten Veredelungen der einzelnen Motive. Auch f\u00fcr die Jury ein goldener Moment\u201c, hie\u00df es in der Jurybegr\u00fcndung, die f\u00fcr das Team wohl einen ganz besonderen Lohn f\u00fcr die enormen Anstrengungen im Vorfeld darstellt.<\/p>\n<p>Mit seinen \u201eProduktionsfinessen\u201c schaffte es das Werk der Fuldaer Werbeagentur mit eigener Druckerei und Weiterverarbeitung 2016 aus Kalender-Produktionen von namhaften Auftraggebern wie etwa Porsche, Mercedes oder Sch\u00e4ufelen herauszustechen. Damit hat es der cre art\u00c2\u00ae-Kalender 2016 seinen Vorg\u00e4ngern gleich getan und die Jury auch im 15. Jahr der Teilnahme von sich \u00fcberzeugt \u2013 im kreativen und produktiven Bereich!<\/p>\n<p>Zu sehen ist der cre art Kalender \u201eGold\u201c gemeinsam mit allen Gewinner-Titeln im Haus der Wirtschaft (Willi-Bleicher-Str. 19, 70174 Stuttgart) noch bis zum 14. Februar, t\u00e4glich von 11 bis 19 Uhr.<\/p>\n<p><a href=\"http:\/\/www.s-company.de\/\">www.creart.de<\/a> \/ www.gregor-calendar-award.com<\/p>\n","protected":false},"excerpt":{"rendered":"<div class=\"tmnf_excerpt\"><p>\u201eExzellentes\u201c Gesp\u00fcr f\u00fcr Gestaltung und Produktion hat die Fuldaer Werbeagentur cre art mit dem hauseigenen Jahreskalender 2016 bewiesen und damit Ende Januar gleich zwei der begehrten Preise des \u201egregor international calender award\u201c gewonnen. Das unter dem Motto \u201eGold\u201c stehende Gemeinschaftswerk der Mitarbeiter von cre art. Neidhardt Werbe GmbH \u2013 vom Azubi bis zum erfahrenen Kreativen &hellip;<\/p>\n<\/div>","protected":false},"author":1,"featured_media":147537,"comment_status":"closed","ping_status":"closed","sticky":false,"template":"","format":"standard","meta":{"footnotes":""},"categories":[1],"tags":[],"class_list":["post-147530","post","type-post","status-publish","format-standard","has-post-thumbnail","hentry","category-startseite"],"_links":{"self":[{"href":"https:\/\/www.fuldaernachrichten.de\/index.php?rest_route=\/wp\/v2\/posts\/147530","targetHints":{"allow":["GET"]}}],"collection":[{"href":"https:\/\/www.fuldaernachrichten.de\/index.php?rest_route=\/wp\/v2\/posts"}],"about":[{"href":"https:\/\/www.fuldaernachrichten.de\/index.php?rest_route=\/wp\/v2\/types\/post"}],"author":[{"embeddable":true,"href":"https:\/\/www.fuldaernachrichten.de\/index.php?rest_route=\/wp\/v2\/users\/1"}],"replies":[{"embeddable":true,"href":"https:\/\/www.fuldaernachrichten.de\/index.php?rest_route=%2Fwp%2Fv2%2Fcomments&post=147530"}],"version-history":[{"count":2,"href":"https:\/\/www.fuldaernachrichten.de\/index.php?rest_route=\/wp\/v2\/posts\/147530\/revisions"}],"predecessor-version":[{"id":147539,"href":"https:\/\/www.fuldaernachrichten.de\/index.php?rest_route=\/wp\/v2\/posts\/147530\/revisions\/147539"}],"wp:featuredmedia":[{"embeddable":true,"href":"https:\/\/www.fuldaernachrichten.de\/index.php?rest_route=\/wp\/v2\/media\/147537"}],"wp:attachment":[{"href":"https:\/\/www.fuldaernachrichten.de\/index.php?rest_route=%2Fwp%2Fv2%2Fmedia&parent=147530"}],"wp:term":[{"taxonomy":"category","embeddable":true,"href":"https:\/\/www.fuldaernachrichten.de\/index.php?rest_route=%2Fwp%2Fv2%2Fcategories&post=147530"},{"taxonomy":"post_tag","embeddable":true,"href":"https:\/\/www.fuldaernachrichten.de\/index.php?rest_route=%2Fwp%2Fv2%2Ftags&post=147530"}],"curies":[{"name":"wp","href":"https:\/\/api.w.org\/{rel}","templated":true}]}}