{"id":147519,"date":"2016-01-28T06:50:01","date_gmt":"2016-01-28T05:50:01","guid":{"rendered":"http:\/\/www.fuldaer-nachrichten.de\/?p=147519"},"modified":"2016-01-28T06:50:01","modified_gmt":"2016-01-28T05:50:01","slug":"kultur-im-krankenhaus-klinikum-fulda-fuehrt-sonntagsmatinee-fort-mit-live-musik-und-gaumenfreuden-2","status":"publish","type":"post","link":"https:\/\/www.fuldaernachrichten.de\/?p=147519","title":{"rendered":"Kultur im Krankenhaus &#8211; Klinikum Fulda f\u00fchrt Sonntagsmatinee fort mit Live-Musik und Gaumenfreuden"},"content":{"rendered":"<p>Patienten, Angeh\u00f6rige und Besucher werden auch in diesem Jahr wieder sonntags mit rhythmischen Kl\u00e4ngen und Live-Musik in der Eingangshalle des Klinikums Fulda im Bereich der B\u00e4ckerei Happ empfangen. Im Rahmen der Reihe \u201eSonntagsmatinee\u201c spielt das Ensemble \u201eTop the Flute\u201c am Sonntag, 31.01.2016, von 10.00 bis 12.00 Uhr im Klinikum Fulda.<\/p>\n<p>Das Querfl\u00f6tenensemble der Musikschule der Stadt Fulda besteht bereits seit 1998 und f\u00fchrt Querfl\u00f6tisten, die Lust auf gemeinsames Musizieren haben, zusammen. Erwachsene zwischen 25 und 65 Jahren treffen sich vierzehnt\u00e4gig zur regelm\u00e4\u00dfigen Probe, unter der Leitung von Stephanie Vautz und zweimal j\u00e4hrlich zu einer intensiven 14-st\u00fcndigen Probenphase am Wochenende.<br \/>\nDas Repertoire ist breit gef\u00e4chert: es reicht von der Renaissancemusik \u00fcber Arrangements unterhaltsamer Werke unterschiedlichen Stils bis hin zu zeitgen\u00f6ssischer Originalliteratur. Gerne werden auch gro\u00dfe Alt- und Bassquerfl\u00f6ten oder Piccoli zur Erweiterung des Tonraumes eingesetzt.<\/p>\n<p>An der Sonntagsmatinee am 31.01.2016 nehmen auch jugendliche Spieler teil. Eine Fagottistin wird mit dem warmen, tiefen Klang ihres Instrumentes die Bassstimme \u00fcbernehmen und damit den Gesamtklang sehr bereichern. Im Programm sind Bearbeitungen klassischer Orchesterwerke zu h\u00f6ren: Ein ungarischer Tanz und zwei Walzer von Johannes Brahms, die ber\u00fchmte Air und die darauf folgende Gavotte aus der dritten Orchestersuite von Johann Sebastian Bach, die Arie \u201eDas klinget so herrlich\u201c des Papageno aus der Zauberfl\u00f6te (mit Piccolo als Soloinstrument) sowie das Adagio KV 411 von Wolfgang Amadeus Mozart, die Vocalise von Rachmaninoff, der erste Satz aus der 5. Symphonie von Franz Schubert und der 2. Satz aus der italienischen Symphonie von Mendelssohn.<\/p>\n","protected":false},"excerpt":{"rendered":"<div class=\"tmnf_excerpt\"><p>Patienten, Angeh\u00f6rige und Besucher werden auch in diesem Jahr wieder sonntags mit rhythmischen Kl\u00e4ngen und Live-Musik in der Eingangshalle des Klinikums Fulda im Bereich der B\u00e4ckerei Happ empfangen. Im Rahmen der Reihe \u201eSonntagsmatinee\u201c spielt das Ensemble \u201eTop the Flute\u201c am Sonntag, 31.01.2016, von 10.00 bis 12.00 Uhr im Klinikum Fulda. Das Querfl\u00f6tenensemble der Musikschule der &hellip;<\/p>\n<\/div>","protected":false},"author":1,"featured_media":147525,"comment_status":"closed","ping_status":"closed","sticky":false,"template":"","format":"standard","meta":{"footnotes":""},"categories":[1],"tags":[],"class_list":["post-147519","post","type-post","status-publish","format-standard","has-post-thumbnail","hentry","category-startseite"],"_links":{"self":[{"href":"https:\/\/www.fuldaernachrichten.de\/index.php?rest_route=\/wp\/v2\/posts\/147519","targetHints":{"allow":["GET"]}}],"collection":[{"href":"https:\/\/www.fuldaernachrichten.de\/index.php?rest_route=\/wp\/v2\/posts"}],"about":[{"href":"https:\/\/www.fuldaernachrichten.de\/index.php?rest_route=\/wp\/v2\/types\/post"}],"author":[{"embeddable":true,"href":"https:\/\/www.fuldaernachrichten.de\/index.php?rest_route=\/wp\/v2\/users\/1"}],"replies":[{"embeddable":true,"href":"https:\/\/www.fuldaernachrichten.de\/index.php?rest_route=%2Fwp%2Fv2%2Fcomments&post=147519"}],"version-history":[{"count":1,"href":"https:\/\/www.fuldaernachrichten.de\/index.php?rest_route=\/wp\/v2\/posts\/147519\/revisions"}],"predecessor-version":[{"id":147526,"href":"https:\/\/www.fuldaernachrichten.de\/index.php?rest_route=\/wp\/v2\/posts\/147519\/revisions\/147526"}],"wp:featuredmedia":[{"embeddable":true,"href":"https:\/\/www.fuldaernachrichten.de\/index.php?rest_route=\/wp\/v2\/media\/147525"}],"wp:attachment":[{"href":"https:\/\/www.fuldaernachrichten.de\/index.php?rest_route=%2Fwp%2Fv2%2Fmedia&parent=147519"}],"wp:term":[{"taxonomy":"category","embeddable":true,"href":"https:\/\/www.fuldaernachrichten.de\/index.php?rest_route=%2Fwp%2Fv2%2Fcategories&post=147519"},{"taxonomy":"post_tag","embeddable":true,"href":"https:\/\/www.fuldaernachrichten.de\/index.php?rest_route=%2Fwp%2Fv2%2Ftags&post=147519"}],"curies":[{"name":"wp","href":"https:\/\/api.w.org\/{rel}","templated":true}]}}