{"id":147517,"date":"2016-01-28T06:48:57","date_gmt":"2016-01-28T05:48:57","guid":{"rendered":"http:\/\/www.fuldaer-nachrichten.de\/?p=147517"},"modified":"2016-01-28T06:48:57","modified_gmt":"2016-01-28T05:48:57","slug":"sport-show-2017-in-rotenburg-an-der-fulda","status":"publish","type":"post","link":"https:\/\/www.fuldaernachrichten.de\/?p=147517","title":{"rendered":"Sport &#038; Show 2017 in Rotenburg an der Fulda"},"content":{"rendered":"<p>Der Magistrat der Kreisstadt Bad Hersfeld hat diese Woche mit gro\u00dfem Bedauern zur Kenntnis genommen, dass sich die Veranstalter von Sport &amp; Show entschlossen haben, die Auff\u00fchrung zumindest im Jahr 2017 in Rotenburg an der Fulda stattfinden zu lassen.<\/p>\n<p>Bevor der Magistrat oder die Stadtverordneten \u00fcber die zuk\u00fcnftigen Unterst\u00fctzungsleistungen aus Bad Hersfeld entscheiden konnten, kam nun eine entsprechende schriftliche Mitteilung des Vereins \u00fcber den Ortswechsel.<\/p>\n<p>Dazu B\u00fcrgermeister Fehling: &#8220;Der Magistrat ist zwar \u00fcberrascht \u00fcber die kurzfristige Entscheidung seitens der Veranstalter. Wir respektieren aber, dass ein ehrenamtlicher gef\u00fchrter Verein f\u00fcr wirtschaftliche Aktivit\u00e4ten dieser Gr\u00f6\u00dfenordnung wohl jetzt Planungssicherheit herstellen wollte.\u201c<\/p>\n<p>Auch die m\u00f6gliche \u201eH\u00e4ngepartie\u201c, die dem st\u00e4dtischen Haushalt f\u00fcr dieses Jahr drohe, falls er nicht im Februar beschlossen wird, sei nicht gerade \u201evertrauensbildend\u201c, so Fehlings Eindruck.<br \/>\n\u201eWas mich positiv stimmt ist, das es auf beiden Seiten keinen Groll \u00fcber die bisherige gute Zusammenarbeit gibt. Jahrelang hat die Stadt Bad Hersfeld die tolle Veranstaltung aktiv unterst\u00fctzt.\u201c<\/p>\n<p>Nach dem R\u00fcckzug einiger ehrenamtlicher Kr\u00e4fte im Verein m\u00fcssten nun aber zus\u00e4tzliche Anstrengungen unternommen werden, damit die Show ab 2018 wieder in der Waldhessenhalle in Bad Hersfeld stattfinden kann.<\/p>\n<p>Die Gespr\u00e4che auf der Arbeitsebene zwischem dem Verein Sport &amp; Show e.V. und der Stadt w\u00fcrden nun ohne Zeitdruck mit diesem Ziel weitergef\u00fchrt.<\/p>\n","protected":false},"excerpt":{"rendered":"<div class=\"tmnf_excerpt\"><p>Der Magistrat der Kreisstadt Bad Hersfeld hat diese Woche mit gro\u00dfem Bedauern zur Kenntnis genommen, dass sich die Veranstalter von Sport &amp; Show entschlossen haben, die Auff\u00fchrung zumindest im Jahr 2017 in Rotenburg an der Fulda stattfinden zu lassen. Bevor der Magistrat oder die Stadtverordneten \u00fcber die zuk\u00fcnftigen Unterst\u00fctzungsleistungen aus Bad Hersfeld entscheiden konnten, kam &hellip;<\/p>\n<\/div>","protected":false},"author":1,"featured_media":0,"comment_status":"closed","ping_status":"closed","sticky":false,"template":"","format":"standard","meta":{"footnotes":""},"categories":[1],"tags":[],"class_list":["post-147517","post","type-post","status-publish","format-standard","hentry","category-startseite"],"_links":{"self":[{"href":"https:\/\/www.fuldaernachrichten.de\/index.php?rest_route=\/wp\/v2\/posts\/147517","targetHints":{"allow":["GET"]}}],"collection":[{"href":"https:\/\/www.fuldaernachrichten.de\/index.php?rest_route=\/wp\/v2\/posts"}],"about":[{"href":"https:\/\/www.fuldaernachrichten.de\/index.php?rest_route=\/wp\/v2\/types\/post"}],"author":[{"embeddable":true,"href":"https:\/\/www.fuldaernachrichten.de\/index.php?rest_route=\/wp\/v2\/users\/1"}],"replies":[{"embeddable":true,"href":"https:\/\/www.fuldaernachrichten.de\/index.php?rest_route=%2Fwp%2Fv2%2Fcomments&post=147517"}],"version-history":[{"count":1,"href":"https:\/\/www.fuldaernachrichten.de\/index.php?rest_route=\/wp\/v2\/posts\/147517\/revisions"}],"predecessor-version":[{"id":147522,"href":"https:\/\/www.fuldaernachrichten.de\/index.php?rest_route=\/wp\/v2\/posts\/147517\/revisions\/147522"}],"wp:attachment":[{"href":"https:\/\/www.fuldaernachrichten.de\/index.php?rest_route=%2Fwp%2Fv2%2Fmedia&parent=147517"}],"wp:term":[{"taxonomy":"category","embeddable":true,"href":"https:\/\/www.fuldaernachrichten.de\/index.php?rest_route=%2Fwp%2Fv2%2Fcategories&post=147517"},{"taxonomy":"post_tag","embeddable":true,"href":"https:\/\/www.fuldaernachrichten.de\/index.php?rest_route=%2Fwp%2Fv2%2Ftags&post=147517"}],"curies":[{"name":"wp","href":"https:\/\/api.w.org\/{rel}","templated":true}]}}