{"id":147516,"date":"2016-01-28T06:47:59","date_gmt":"2016-01-28T05:47:59","guid":{"rendered":"http:\/\/www.fuldaer-nachrichten.de\/?p=147516"},"modified":"2016-01-28T06:47:59","modified_gmt":"2016-01-28T05:47:59","slug":"info-abend-im-waldorfkindergarten-loheland","status":"publish","type":"post","link":"https:\/\/www.fuldaernachrichten.de\/?p=147516","title":{"rendered":"Info-Abend im Waldorfkindergarten Loheland"},"content":{"rendered":"<p>Am Montag, dem 01.02.2016 findet um 20 Uhr im Waldorfkindergarten Loheland ein Informationsabend f\u00fcr statt. Interessierte Eltern erhalten einen Einblick in die Grundlagen der Waldorfp\u00e4dagogik, die Entwicklungsphasen des Kleinkindes und die Rahmenbedingungen des Kindergartens. Es wird ausreichend Zeit f\u00fcr Fragen und zum Gespr\u00e4ch geben. Weitere Informationen unter 0661 \/ 392-30, kindergarten@loheland.de oder www.loheland.de.<\/p>\n","protected":false},"excerpt":{"rendered":"<div class=\"tmnf_excerpt\"><p>Am Montag, dem 01.02.2016 findet um 20 Uhr im Waldorfkindergarten Loheland ein Informationsabend f\u00fcr statt. Interessierte Eltern erhalten einen Einblick in die Grundlagen der Waldorfp\u00e4dagogik, die Entwicklungsphasen des Kleinkindes und die Rahmenbedingungen des Kindergartens. Es wird ausreichend Zeit f\u00fcr Fragen und zum Gespr\u00e4ch geben. Weitere Informationen unter 0661 \/ 392-30, kindergarten@loheland.de oder www.loheland.de.<\/p>\n<\/div>","protected":false},"author":1,"featured_media":0,"comment_status":"closed","ping_status":"closed","sticky":false,"template":"","format":"standard","meta":{"footnotes":""},"categories":[1],"tags":[],"class_list":["post-147516","post","type-post","status-publish","format-standard","hentry","category-startseite"],"_links":{"self":[{"href":"https:\/\/www.fuldaernachrichten.de\/index.php?rest_route=\/wp\/v2\/posts\/147516","targetHints":{"allow":["GET"]}}],"collection":[{"href":"https:\/\/www.fuldaernachrichten.de\/index.php?rest_route=\/wp\/v2\/posts"}],"about":[{"href":"https:\/\/www.fuldaernachrichten.de\/index.php?rest_route=\/wp\/v2\/types\/post"}],"author":[{"embeddable":true,"href":"https:\/\/www.fuldaernachrichten.de\/index.php?rest_route=\/wp\/v2\/users\/1"}],"replies":[{"embeddable":true,"href":"https:\/\/www.fuldaernachrichten.de\/index.php?rest_route=%2Fwp%2Fv2%2Fcomments&post=147516"}],"version-history":[{"count":1,"href":"https:\/\/www.fuldaernachrichten.de\/index.php?rest_route=\/wp\/v2\/posts\/147516\/revisions"}],"predecessor-version":[{"id":147520,"href":"https:\/\/www.fuldaernachrichten.de\/index.php?rest_route=\/wp\/v2\/posts\/147516\/revisions\/147520"}],"wp:attachment":[{"href":"https:\/\/www.fuldaernachrichten.de\/index.php?rest_route=%2Fwp%2Fv2%2Fmedia&parent=147516"}],"wp:term":[{"taxonomy":"category","embeddable":true,"href":"https:\/\/www.fuldaernachrichten.de\/index.php?rest_route=%2Fwp%2Fv2%2Fcategories&post=147516"},{"taxonomy":"post_tag","embeddable":true,"href":"https:\/\/www.fuldaernachrichten.de\/index.php?rest_route=%2Fwp%2Fv2%2Ftags&post=147516"}],"curies":[{"name":"wp","href":"https:\/\/api.w.org\/{rel}","templated":true}]}}