{"id":147507,"date":"2016-01-27T12:58:48","date_gmt":"2016-01-27T11:58:48","guid":{"rendered":"http:\/\/www.fuldaer-nachrichten.de\/?p=147507"},"modified":"2016-01-27T12:58:48","modified_gmt":"2016-01-27T11:58:48","slug":"jumo-verschiebt-baustart-fuer-neues-werk-unsichere-weltwirtschaft-macht-neuplanung-noetig","status":"publish","type":"post","link":"https:\/\/www.fuldaernachrichten.de\/?p=147507","title":{"rendered":"JUMO verschiebt Baustart f\u00fcr neues Werk Unsichere Weltwirtschaft macht Neuplanung n\u00f6tig"},"content":{"rendered":"<p>Die Umsetzung der Planung f\u00fcr das neue Werk des Mess-und Regeltechnikherstellers JUMO im Industriegebiet Fulda West verschiebt sich voraussichtlich um ein Jahr. Gr\u00fcnde f\u00fcr diese Entscheidung sind prim\u00e4r in der derzeit unsicheren weltwirtschaftlichen Lage zu sehen.<\/p>\n<p>\u201eAls wir mit der Planung f\u00fcr das Werk II begonnen haben, war die weltweite Konjunkturentwicklung stabil und die Aussichten positiv. Das hat sich in den letzten Monaten grundlegend ge\u00e4ndert\u201c, erl\u00e4utert der gesch\u00e4ftsf\u00fchrende JUMO-Gesellschafter Bernhard Juchheim. Die Entwicklung auf den internationalen M\u00e4rkten, der Verfall des \u00d6lpreises, die nach wie vor nicht ausgestandene Schuldenkrise in Europa und die negativen Signale im Finanzsektor sorgen aktuell f\u00fcr ein Klima der Unsicherheit.<br \/>\n\u201eWir haben die Verantwortung, die Zukunft des Unternehmens langfristig sicherzustellen. Dazu dient das neue Werk II. Vor allen Dingen haben wir aber die Verantwortung f\u00fcr jeden einzelnen Arbeitsplatz bei JUMO. Wir sind uns sicher, mit der jetzt beschlossenen Verschiebung die richtige Entscheidung im Sinne unserer Mitarbeiterinnen und Mitarbeiter getroffen zu haben\u201c, betont Bernhard Juchheim.<\/p>\n<p>Die Planungen werden nicht komplett eingestellt, sondern in kleinerem Umfang fortgef\u00fchrt. \u201eWir nehmen uns jetzt die Zeit, die wir durch die Verschiebung gewinnen, um interne Prozesse und Abl\u00e4ufe weiter zu optimieren und auf das neue Werk anzupassen\u201c, erg\u00e4nzt Michael Juchheim, der mit seinem Vater als gesch\u00e4ftsf\u00fchrender Gesellschafter das Unternehmen f\u00fchrt.<\/p>\n<p>\u201eDie neue Zeitplanung gibt uns auch die M\u00f6glichkeit, das neue Werk zu einer echten digitalen Fabrik im Sinne der Industrie 4.0 werden zu lassen\u201c, f\u00fchrt Michael Juchheim weiter aus. Derzeit gebe es hier noch viele offene Fragen im Hinblick auf Standards und Normen, durch die sich eine effektive Planung unter Ber\u00fccksichtigung dieses Themas sehr anspruchsvoll gestaltet.<\/p>\n<p>Die JUMO-Unternehmensgruppe mit Hauptsitz in Fulda besch\u00e4ftigt weltweit \u00fcber 2.200 Mitarbeiter und ist einer der f\u00fchrenden Hersteller auf dem Gebiet der industriellen Sensor- und Automatisierungstechnik. JUMO-Produkte kommen rund um den Globus beispielsweise in den Branchen \u201eHeizung und Klima\u201c, \u201eLebensmittel und Getr\u00e4nke\u201c, \u201eErneuerbare Energien\u201c oder \u201eWasser und Abwasser\u201c zum Einsatz. Zur Unternehmensgruppe z\u00e4hlen f\u00fcnf Niederlassungen in Deutschland, 24 Tochtergesellschaften im Ausland sowie mehr als 40 Vertretungen weltweit. Der Umsatz lag im Jahr 2014 bei 221 Millionen Euro.<\/p>\n","protected":false},"excerpt":{"rendered":"<div class=\"tmnf_excerpt\"><p>Die Umsetzung der Planung f\u00fcr das neue Werk des Mess-und Regeltechnikherstellers JUMO im Industriegebiet Fulda West verschiebt sich voraussichtlich um ein Jahr. Gr\u00fcnde f\u00fcr diese Entscheidung sind prim\u00e4r in der derzeit unsicheren weltwirtschaftlichen Lage zu sehen. \u201eAls wir mit der Planung f\u00fcr das Werk II begonnen haben, war die weltweite Konjunkturentwicklung stabil und die Aussichten &hellip;<\/p>\n<\/div>","protected":false},"author":1,"featured_media":0,"comment_status":"closed","ping_status":"closed","sticky":false,"template":"","format":"standard","meta":{"footnotes":""},"categories":[1],"tags":[],"class_list":["post-147507","post","type-post","status-publish","format-standard","hentry","category-startseite"],"_links":{"self":[{"href":"https:\/\/www.fuldaernachrichten.de\/index.php?rest_route=\/wp\/v2\/posts\/147507","targetHints":{"allow":["GET"]}}],"collection":[{"href":"https:\/\/www.fuldaernachrichten.de\/index.php?rest_route=\/wp\/v2\/posts"}],"about":[{"href":"https:\/\/www.fuldaernachrichten.de\/index.php?rest_route=\/wp\/v2\/types\/post"}],"author":[{"embeddable":true,"href":"https:\/\/www.fuldaernachrichten.de\/index.php?rest_route=\/wp\/v2\/users\/1"}],"replies":[{"embeddable":true,"href":"https:\/\/www.fuldaernachrichten.de\/index.php?rest_route=%2Fwp%2Fv2%2Fcomments&post=147507"}],"version-history":[{"count":1,"href":"https:\/\/www.fuldaernachrichten.de\/index.php?rest_route=\/wp\/v2\/posts\/147507\/revisions"}],"predecessor-version":[{"id":147508,"href":"https:\/\/www.fuldaernachrichten.de\/index.php?rest_route=\/wp\/v2\/posts\/147507\/revisions\/147508"}],"wp:attachment":[{"href":"https:\/\/www.fuldaernachrichten.de\/index.php?rest_route=%2Fwp%2Fv2%2Fmedia&parent=147507"}],"wp:term":[{"taxonomy":"category","embeddable":true,"href":"https:\/\/www.fuldaernachrichten.de\/index.php?rest_route=%2Fwp%2Fv2%2Fcategories&post=147507"},{"taxonomy":"post_tag","embeddable":true,"href":"https:\/\/www.fuldaernachrichten.de\/index.php?rest_route=%2Fwp%2Fv2%2Ftags&post=147507"}],"curies":[{"name":"wp","href":"https:\/\/api.w.org\/{rel}","templated":true}]}}