{"id":147497,"date":"2016-01-27T13:00:21","date_gmt":"2016-01-27T12:00:21","guid":{"rendered":"http:\/\/www.fuldaer-nachrichten.de\/?p=147497"},"modified":"2016-01-27T13:00:21","modified_gmt":"2016-01-27T12:00:21","slug":"biosphaerenreservat-praesentiert-sich-im-rhoendorf","status":"publish","type":"post","link":"https:\/\/www.fuldaernachrichten.de\/?p=147497","title":{"rendered":"Biosph\u00e4renreservat pr\u00e4sentiert sich im Rh\u00f6ndorf"},"content":{"rendered":"<p>Anl\u00e4sslich des 25j\u00e4hrigen Bestehens des Biosph\u00e4renreservats pr\u00e4sentiert das Rh\u00f6ndorf in Tann-Wendershausen in Zusammenarbeit mit der Reservatsverwaltung vom 1. Februar bis 15. September 2016 eine Ausstellung, die \u00fcber die Arbeit und die Projekte des UNESCO-Biosph\u00e4renreservats informiert.<\/p>\n<p>Auf rund 100m\u00c2\u00b2 haben die Rh\u00f6n-Ranger eine Ausstellung mit Bild-Text-Tafeln sowie Dioramen aufgebaut, die einen Eindruck hinsichtlich der Vielgestaltigkeit des Biosph\u00e4renreservats gibt.<br \/>\nDie offizielle Ausstellungser\u00f6ffung erfolgt am Dienstag, den 2. Februar, um 15.00 Uhr im Rh\u00f6ndorf, Hauptstra\u00dfe 6, 36142 Tann (Rh\u00f6n).<\/p>\n","protected":false},"excerpt":{"rendered":"<div class=\"tmnf_excerpt\"><p>Anl\u00e4sslich des 25j\u00e4hrigen Bestehens des Biosph\u00e4renreservats pr\u00e4sentiert das Rh\u00f6ndorf in Tann-Wendershausen in Zusammenarbeit mit der Reservatsverwaltung vom 1. Februar bis 15. September 2016 eine Ausstellung, die \u00fcber die Arbeit und die Projekte des UNESCO-Biosph\u00e4renreservats informiert. Auf rund 100m\u00c2\u00b2 haben die Rh\u00f6n-Ranger eine Ausstellung mit Bild-Text-Tafeln sowie Dioramen aufgebaut, die einen Eindruck hinsichtlich der Vielgestaltigkeit des &hellip;<\/p>\n<\/div>","protected":false},"author":1,"featured_media":0,"comment_status":"closed","ping_status":"closed","sticky":false,"template":"","format":"standard","meta":{"footnotes":""},"categories":[1],"tags":[],"class_list":["post-147497","post","type-post","status-publish","format-standard","hentry","category-startseite"],"_links":{"self":[{"href":"https:\/\/www.fuldaernachrichten.de\/index.php?rest_route=\/wp\/v2\/posts\/147497","targetHints":{"allow":["GET"]}}],"collection":[{"href":"https:\/\/www.fuldaernachrichten.de\/index.php?rest_route=\/wp\/v2\/posts"}],"about":[{"href":"https:\/\/www.fuldaernachrichten.de\/index.php?rest_route=\/wp\/v2\/types\/post"}],"author":[{"embeddable":true,"href":"https:\/\/www.fuldaernachrichten.de\/index.php?rest_route=\/wp\/v2\/users\/1"}],"replies":[{"embeddable":true,"href":"https:\/\/www.fuldaernachrichten.de\/index.php?rest_route=%2Fwp%2Fv2%2Fcomments&post=147497"}],"version-history":[{"count":1,"href":"https:\/\/www.fuldaernachrichten.de\/index.php?rest_route=\/wp\/v2\/posts\/147497\/revisions"}],"predecessor-version":[{"id":147514,"href":"https:\/\/www.fuldaernachrichten.de\/index.php?rest_route=\/wp\/v2\/posts\/147497\/revisions\/147514"}],"wp:attachment":[{"href":"https:\/\/www.fuldaernachrichten.de\/index.php?rest_route=%2Fwp%2Fv2%2Fmedia&parent=147497"}],"wp:term":[{"taxonomy":"category","embeddable":true,"href":"https:\/\/www.fuldaernachrichten.de\/index.php?rest_route=%2Fwp%2Fv2%2Fcategories&post=147497"},{"taxonomy":"post_tag","embeddable":true,"href":"https:\/\/www.fuldaernachrichten.de\/index.php?rest_route=%2Fwp%2Fv2%2Ftags&post=147497"}],"curies":[{"name":"wp","href":"https:\/\/api.w.org\/{rel}","templated":true}]}}