{"id":147492,"date":"2016-01-27T12:55:40","date_gmt":"2016-01-27T11:55:40","guid":{"rendered":"http:\/\/www.fuldaer-nachrichten.de\/?p=147492"},"modified":"2016-01-27T12:55:40","modified_gmt":"2016-01-27T11:55:40","slug":"39-jahreshauptversammlung-des-rsc-77-bimbach-rhoen-radmarathon-in-23-stunden-ausgebucht","status":"publish","type":"post","link":"https:\/\/www.fuldaernachrichten.de\/?p=147492","title":{"rendered":"39. Jahreshauptversammlung des RSC `77 Bimbach &#8211; Rh\u00f6n-Radmarathon in 23 Stunden ausgebucht"},"content":{"rendered":"<p>Nach der Begr\u00fc\u00dfung durch den 1. Vorsitzenden Wolfram Michel und der Feststellung der Beschlussf\u00e4higkeit wurde den verstorbenen Mitgliedern gedacht. Die Tagesordnung wurde genehmigt und das Protokoll der Jahreshauptversammlung 2015 verlesen.<\/p>\n<p>In seinem Jahresbericht reflektierte Wolfram Michel das vergangene Jahr und lobte die Mitglieder f\u00fcr ihren unerm\u00fcdlichen Einsatz. Der ausf\u00fchrliche Jahresr\u00fcckblick folgt anschlie\u00dfend. Danach folgte der Bericht 1. Kassierers und die Entlastung des Vorstandes. Nach der Wahl der Kassenpr\u00fcfer f\u00fcr das Abrechnungsjahr 2016 wurde ein Ausblick auf die geplanten Aktivit\u00e4ten 2016 gegeben.<\/p>\n<p>Besonders nennenswerte Aktivit\u00e4ten stellen der Besuch der Flandern-Rundfahrt und die Wanderfahrten dar. Als Wanderfahrt ist unter dem Motto \u201eVom Th\u00fcringer Wald in das Land der Braumeister\u201c eine einw\u00f6chige MTB-Tour geplant. Start ist in der N\u00e4he von Eisenach von wo aus es \u00fcber den Rennsteig \u00fcber den fr\u00e4nkischen Gebirgsweg bis zum Brombachsee geht. Eine weitere Wanderfahrt wird voraussichtlich nach S\u00fcdtirol in die N\u00e4he von Meran organisiert.<\/p>\n<p>Der Ausblick auf den Anmeldestatus des Rh\u00f6n-Radmarathon f\u00fchrte allseits zur Begeisterung. Das Anmeldeportal wurde am 18.01.2016 ge\u00f6ffnet. Der auf 2000 Starpl\u00e4tze begrenzte Rh\u00f6n-Radmarathon war innerhalb von 23 Stunden komplett ausgebucht. Eine am folgenden Tag eingerichtete Warteliste musste ebenfalls nach bereits einem Tag geschlossen werden.<\/p>\n<p>Die Attraktivit\u00e4t des Rh\u00f6n-Radmarathon ist enorm und das Motto \u201ePfingsten f\u00e4hrt man in Bimbach\u201c ist inzwischen ein fester Bestandteil der Radsportszene in Deutschland geworden.<\/p>\n<p>Auch f\u00fcr 2015 wurde vom Hessischen Radfahrer Verband wieder best\u00e4tigt, dass der RSC \u00c2\u00b477 Bimbach weiterhin die gr\u00f6\u00dfte vereinsgetragene Veranstaltung im Radbreitensport in Deutschland ausrichten.<\/p>\n<p>Jahresr\u00fcckblick des 1. Vorsitzenden:<\/p>\n<p>Winterwanderung am 17. Januar 2015<br \/>\nMit insgesamt 61 Teilnehmern erfreute sich die Winterwanderung am 17. Januar 2015 wieder einer regen Beteiligung. Nach ausgiebiger Rast am Verpflegungspunkt in L\u00fctterz war unser Ziel das Landhotel Tr\u00e4tzhof. Nach einem geselligen, gut versorgten\u00c2\u00a0 Nachmittag ging es abends im Fackelschein wieder zu Fu\u00df zur\u00fcck nach Bimbach.<\/p>\n<p>Ausflug der Vereinsmeisterschaftsteilnehmer zum Ski-Wochenende in Oberstdorf vom 30.01. \u2013 01.02.2015<br \/>\nOrganisiert von Markus Happel und Rene Huder verbrachten 10 Vereinsmitglieder, die das Kriterium von mindestens 4 Vereinsl\u00e4ufen erf\u00fcllt hatten, ein Skiwochenende in Oberstdorf. W\u00e4hrend die erfahrenen Skil\u00e4ufer jeden Tag auf den Pisten ihre Spuren zogen, wagten sich die \u00fcbrigen Teilnehmer an den Skilanglauf und nahmen dabei noch einen Kurs in Skatetechnik in Anspruch.<\/p>\n<p>Essen der Helferinnen am 28.02.2015<br \/>\nInsgesamt 18 Helferinnen nahmen unsere Einladung in das Restaurant \u201ePeperoni\u201c in Horas am 28. Februar an und verbrachten dort einen geselligen Abend.<\/p>\n<p>Karfreitagstour nach Bad Hersfeld am\u00c2\u00a0 03.04.2015<br \/>\nTrotz niedriger Temperaturen fanden sich 15 Unerschrockene zum Start ein. Bei \u00fcberwiegendem Sonnenschein ging es auf der bekannten Strecke nach Bad Hersfeld und nach kurzer Rast wurde die R\u00fcckfahrt angetreten. Den Abschluss machten einige Fahrer beim Angelverein Bimbach.<\/p>\n<p>Saisoner\u00f6ffnung des Rh\u00f6n- Special-Cup am 18.04.2015<br \/>\nZur Saisoner\u00f6ffnung des Rh\u00f6n-Special-Cup 2015 gemeinsam mit unseren Sponsoren Rh\u00f6nSprudel und Sparkasse Fulda waren diesmal mit 11 Fahrern deutlich mehr RSC- Mitglieder erschienen als im Vorjahr (5). Auch die Beteiligung der RSF Petersberg war besser als 2014. Nach einer ca. zweist\u00fcndigen Ausfahrt wurde der Nachmittag im J\u00e4gerhaus in Bronnzell abgeschlossen.<\/p>\n<p>Pfingsten 2015<br \/>\nAm 23. und 24. Mai 2015 haben wir unsere 69. und 70. Rh\u00f6nrundfahrt und den 26. Rh\u00f6n- Radmarathon ausgerichtet. Die Zahl der Marathonteilnehmer war mit 2.000 limitiert. Die Gesamtzahl der Fahrer betrug 5.585 und damit ca. 500 Starter weniger als im Vorjahr. Dies war aufgrund der \u00dcberlastung in 2014, insbesondere wegen der extremen Hitze, auch so geplant. Die Wetterverh\u00e4ltnisse waren 2015 optimal, kein Regen, ideale Temperaturen f\u00fcr den Radsport.<\/p>\n<p>Das Limit von 2.000 Voranmeldungen war bereits 14 Tage nach \u00d6ffnung des Anmeldeportals erreicht. Die Warteliste war mit 300 zus\u00e4tzlichen Anmeldungen ebenfalls innerhalb kurzer Zeit ausgebucht.<br \/>\nDie Extrem\u00c2\u00b2-Strecke wurde wegen der starken Nachfrage in 2014 noch einmal angeboten, nachdem im Vorjahr viele Fahrer wegen der starken Hitze diese Herausforderung nicht angehen konnten.<br \/>\nF\u00fcr die Ausschilderung aller Strecken wurde eine einheitliche Beschilderung in optisch sehr einpr\u00e4gsamem Neon-Pink angeschafft.<\/p>\n<p>Die Zeitschrift Tour richtete ihr erstes 5-Jahrestreffen der Tour-All-Stars in Bimbach aus. Insgesamt beteiligten sich 21 Fahrer an diesem Event, das von Uwe Gei\u00dfler (Inhaber der Tour) organisiert und begleitet wurde.<\/p>\n<p>Mit der Krombacher Brauerei wurde ein Sponsoringvertrag abgeschlossen, der die Gestellung eines Getr\u00e4nkestands mit nichtalkoholischen Getr\u00e4nken in Margretenhaun zum Inhalt hatte.<\/p>\n<p>Rh\u00f6n Special Cup 2015<br \/>\nErstmals Ausrichtung einer Veranstaltung durch den Sportverein Kleinl\u00fcder am 16.08.2015 als Nachfolger des RV Merkur Dipperz, der in 2014 seine letzte Vorderrh\u00f6nrundfahrt durchgef\u00fchrt hat. Nach wochenlanger Hitzewelle beginnt am 16.08. morgens fr\u00fch ein Dauerregen, weswegen nur ca. 700 Fahrer an den Start gingen. An der Organisation der Veranstaltung gab es nichts zu kritisieren.<\/p>\n<p>Wanderfahrt Genf &#8211; Nizza vom 06. bis\u00c2\u00a0 13. Juni 2015<br \/>\nDie Fahrt f\u00fchrte von Martigny in der Schweiz \u00fcber Italien nach Frankreich und dort von den franz\u00f6sischen Seealpen zum Ziel nach Nizza. 8 Fahrer bew\u00e4ltigten auf den 7 Etappen insgesamt 800 km mit 10 P\u00e4ssen und insgesamt 18.000 hm.<\/p>\n<p>Sternfahrt Opatija\/ Istrien vom 25.06. \u2013 03.07.2015<br \/>\nAn der Wanderfahrt nach Opatija\/ Istrien, beteiligten sich 8 Vereinsmitglieder. An den 6 aktiven Tagen wurden ca. 600 km und ca. 6.500 hm bew\u00e4ltigt.<\/p>\n<p>Sommerfest am\u00c2\u00a0 18.07.2015 in\u00c2\u00a0 Malkes<br \/>\nNach Abschluss des 5. Vereinslaufs \u201eBergzeitfahren\u201c startete das Sommerfest, wie bereits in den beiden Vorjahren, im Feuerwehrhaus in Malkes. Die Beteiligung war mit ca. 100 Personen nur leicht geringer als im Vorjahr. Erfreulich war auch diesmal wieder die gute Beteiligung der Helfer.<\/p>\n<p>Techniktraining am 22.08.2015<br \/>\nAm Samstag, 22. wurde zu einem Rennrad-Technik-Training f\u00fcr M\u00e4nner und Frauen eingeladen. Insgesamt waren der Einladung 18 M\u00e4nner und Frauen zum Fit &amp; Fun- Parkplatz in Petersberg gefolgt. Das Training beinhaltete die Themen: Sicheres Beherrschen des Rennrads, Umspringen und Umfahren von Hindernissen, Reifen wechseln, Ein- und Ausbau von Laufr\u00e4dern.<\/p>\n<p>Vereinsausflug nach Paris vom 24. \u2013 27. September 2015<br \/>\nParis bot sich w\u00e4hrend des viert\u00e4gigen Vereinsausflugs wetterm\u00e4\u00dfig von seiner sch\u00f6nsten Seite. Das Reiseprogramm umfasste eine teils abenteuerliche Stadtrundfahrt mit dem Reisebus, die Besichtigung des Eiffelturms, des Invalidendoms, Teile des Louvre, Sacre Ceur und als H\u00f6hepunkt den Besuch des Schlosses Versailles, das aber wegen des riesigen Besucherandrangs leider zu wenig zu genie\u00dfen war. Auf der R\u00fcckfahrt nach Fulda war dann auch noch Gelegenheit zur Besichtigung von Reims.<\/p>\n<p>Jahresabschlussfeier am 31. Oktober 2015 im B\u00fcrgerhaus Bimbach<br \/>\nDie Jahresabschlussfeier am 31. Oktober 2015 stand unter dem Motto \u201eWild West\u201c. Besonderes Highlight dieses sehr geselligen Abends war, ganz im Sinne des Mottos, das Bull Riding, das von vielen m\u00e4nnlichen aber auch weiblichen G\u00e4sten teilweise sehr ausgiebig genutzt wurde. Die Beteiligung an der Abschlussfeier war mit 103 G\u00e4sten au\u00dferordentlich gut.<br \/>\nEin weiteres Schmankerl dieses Abends war der f\u00fcnfzehnmin\u00fctige Film von Christoph Blum \u00fcber den Rh\u00f6n-Radmarathon 2015 mit dem besonderen Bericht \u00fcber eine Erst-Teilnehmerin.<\/p>\n<p>Erteilung Qualit\u00e4tssiegel Sport pro Gesundheit am 03.02.2015<br \/>\nAm 03.02.2015 wurde dem RSC Bimbach nach erfolgter Pr\u00fcfung das Qualit\u00e4tssiegel \u201eSport pro Gesundheit\u201c durch den Landessportbund Hessen erteilt. Der Erteilung war die Pr\u00fcfung einer Trainingsveranstaltung in der Turnhalle Bimbach am 16.01.2015 durch 2 Mitarbeiter des LsbH vorausgegangen. Das Siegel wurde uns erteilt aufgrund der von Michael Sobanski in 2014 erworbenen Berechtigung zum \u00dcbungsleiter B und C (f\u00fcr bestimmte Sportarten). In der Folge wurde sowohl \u00fcber unsere Homepage als auch \u00fcber den L\u00fcdertalboten das Angebot zu entsprechenden \u00dcbungen gegen eine Verg\u00fctung von 80 \u00e2\u201a\u00ac je 10-h-Kurs publiziert.<\/p>\n<p>Vereinsmeisterschaften<br \/>\nDer 5. Vereinslauf fand zum ersten Mal im Rahmen eines vereinsexternen Rennens statt. Am 4.7.15 wurde dieser Lauf in den MTB-Bieberstein-Cup integriert, mit entsprechender externer Zeitnahme.<\/p>\n<p>Die Platzierungen der Vereinsmeisterschaft 2015:<\/p>\n<p>\u00dcber alle Klassen: \u00c2\u00a0\u00c2\u00a0 \u00c2\u00a0Lars Nordmeier\u00c2\u00a0\u00c2\u00a0 \u00c2\u00a060 Punkte<br \/>\nFlorian Auth\u00c2\u00a0\u00c2\u00a0 \u00c2\u00a052 Punkte<br \/>\nSteffen Huder\u00c2\u00a0\u00c2\u00a0 \u00c2\u00a043 Punkte<\/p>\n<p>Jugend:\u00c2\u00a0\u00c2\u00a0 \u00c2\u00a0Tizian Haag\u00c2\u00a0\u00c2\u00a0 \u00c2\u00a060 Punkte<\/p>\n<p>Herren:\u00c2\u00a0\u00c2\u00a0 \u00c2\u00a0Lars Nordmeier\u00c2\u00a0\u00c2\u00a0 \u00c2\u00a060 Punkte<br \/>\nFlorian Auth\u00c2\u00a0\u00c2\u00a0 \u00c2\u00a056 Punkte<br \/>\nMarkus Happel\u00c2\u00a0\u00c2\u00a0 \u00c2\u00a053 Punkte<\/p>\n<p>Senioren I:\u00c2\u00a0\u00c2\u00a0 \u00c2\u00a0Steffen Huder\u00c2\u00a0\u00c2\u00a0 \u00c2\u00a053 Punkte<br \/>\nChristoph Blum\u00c2\u00a0\u00c2\u00a0 \u00c2\u00a046 Punkte<br \/>\nFrank Scheiber\u00c2\u00a0\u00c2\u00a0 \u00c2\u00a041 Punkte<\/p>\n<p>Radtouristik (Basis: BDR-Wertungskarten).<\/p>\n<p>Herren:\u00c2\u00a0\u00c2\u00a0 \u00c2\u00a0Rainer Krack\u00c2\u00a0\u00c2\u00a0 \u00c2\u00a093 Punkte<br \/>\nMarkus Happel\u00c2\u00a0\u00c2\u00a0 \u00c2\u00a027 Punkte<br \/>\nThomas Alt\u00c2\u00a0\u00c2\u00a0 \u00c2\u00a016 Punkte<\/p>\n<p>Damen: \u00c2\u00a0\u00c2\u00a0 \u00c2\u00a0Claudia Alt\u00c2\u00a0\u00c2\u00a0 \u00c2\u00a014 Punkte<\/p>\n<p>Jugend: \u00c2\u00a0\u00c2\u00a0 \u00c2\u00a0Andreas Montag\u00c2\u00a0\u00c2\u00a0 \u00c2\u00a037 Punkte<\/p>\n<p>Wochentraining Stra\u00dfe in 2015<br \/>\nNach mehreren Jahren Unterbrechung konnte 2015 erstmals wieder ein regelm\u00e4\u00dfiges Wochentraining mit dem Rennrad angeboten werden. Die Touren wurden von Florian Auth detailliert ausgearbeitet, vorbereitet und per Mail kommuniziert, sodass jeder Interessierte sich vorab \u00fcber L\u00e4nge und Anforderung der jeweiligen Strecke informieren konnte. Die Teilnahme war mit einer Bandbreite von 8 bis 15 Fahrern erfreulich gut. Immer wieder fanden sich auch Vereinsexterne zum Training ein. Hervorzuheben ist, dass uns herrliche, oft unbekannte Strecken durch unsere heimatliche Landschaft pr\u00e4sentiert wurden.<\/p>\n<p>Winter- Hallentraining<br \/>\nAuch 2015 wurde w\u00e4hrend der Wintermonate wieder ein regelm\u00e4\u00dfiges, w\u00f6chentliches Fitnesstraining in der Turnhalle Bimbach unter fachkundiger und engagierter Leitung von Michael Sobanski angeboten. Dazu wurde zus\u00e4tzliches Sportger\u00e4t angeschafft. Die Beteiligung an den sehr anspruchsvollen \u00dcbungen war durchweg sehr gut.<br \/>\nDeutsches Radsportabzeichen 2015<br \/>\nNachdem in 2014 erstmals 3 Personen das Deutsche Radsportabzeichen \u00fcberreichen werden konnte, waren dies in 2015 bereits 8 Personen, die die vorgeschriebenen Leistungstests bestanden und in den Genuss der Auszeichnung kamen.<\/p>\n<p>Entwicklung der Mitgliederzahl 2015;\u00c2\u00a0 Statistik<br \/>\nAustritte:\u00c2\u00a0 Daniel Neumann, Margit Hohmann<br \/>\nEintritte:\u00c2\u00a0\u00c2\u00a0 Kersten Sauer, Frank Neidhardt, Andreas Neidert, Daniel Wege, Martin Schulz, Christoph Schneider, Stefanie Sterzik, Simon Hasenauer<\/p>\n<p>Die Zahl der Mitglieder in unserem Verein betr\u00e4gt zum 01.01.2016 116, davon 16 Frauen (= 13,8 %).<\/p>\n<p>Die Altersstatistik nach der Einteilung LSB Hessen Stichtag 31.Dezember:<\/p>\n<p>-\u00c2\u00a0 15 \u2013 18 Jahre:\u00c2\u00a0\u00c2\u00a0 \u00c2\u00a0\u00c2\u00a0 0 \u00c2\u00a0\u00c2\u00a0 \u00c2\u00a0Mitglied<br \/>\n-\u00c2\u00a0 19 \u2013 26 Jahre:\u00c2\u00a0\u00c2\u00a0 \u00c2\u00a0\u00c2\u00a0\u00c2\u00a0 \u00c2\u00a010\u00c2\u00a0\u00c2\u00a0 \u00c2\u00a0Mitglieder<br \/>\n-\u00c2\u00a0 27 \u2013 40 Jahre: \u00c2\u00a0\u00c2\u00a0\u00c2\u00a0 \u00c2\u00a036 \u00c2\u00a0\u00c2\u00a0 \u00c2\u00a0Mitglieder<br \/>\n-\u00c2\u00a0 41 \u2013 50 Jahre: \u00c2\u00a0\u00c2\u00a0\u00c2\u00a0 \u00c2\u00a018 \u00c2\u00a0\u00c2\u00a0 \u00c2\u00a0Mitglieder<br \/>\n-\u00c2\u00a0 51 \u2013 60 Jahre \u00c2\u00a0\u00c2\u00a0 \u00c2\u00a021\u00c2\u00a0 Mitglieder<br \/>\n-\u00c2\u00a0 61\u00c2\u00a0 und\u00c2\u00a0 \u00e4lter: \u00c2\u00a0\u00c2\u00a0 \u00c2\u00a031 \u00c2\u00a0\u00c2\u00a0 \u00c2\u00a0Mitglieder<\/p>\n<p>In 2015 ist die Zahl der Mitglieder somit um 6 Personen gestiegen. Es hat sich erneut best\u00e4tigt, dass die Mitgliederwerbung \u00fcber pers\u00f6nliche Kontakte die besten Resultate liefert. Deshalb werden wir auch in 2016 diesen Weg weiter beschreiten.<\/p>\n","protected":false},"excerpt":{"rendered":"<div class=\"tmnf_excerpt\"><p>Nach der Begr\u00fc\u00dfung durch den 1. Vorsitzenden Wolfram Michel und der Feststellung der Beschlussf\u00e4higkeit wurde den verstorbenen Mitgliedern gedacht. Die Tagesordnung wurde genehmigt und das Protokoll der Jahreshauptversammlung 2015 verlesen. In seinem Jahresbericht reflektierte Wolfram Michel das vergangene Jahr und lobte die Mitglieder f\u00fcr ihren unerm\u00fcdlichen Einsatz. Der ausf\u00fchrliche Jahresr\u00fcckblick folgt anschlie\u00dfend. Danach folgte der &hellip;<\/p>\n<\/div>","protected":false},"author":1,"featured_media":0,"comment_status":"closed","ping_status":"closed","sticky":false,"template":"","format":"standard","meta":{"footnotes":""},"categories":[46],"tags":[],"class_list":["post-147492","post","type-post","status-publish","format-standard","hentry","category-sport"],"_links":{"self":[{"href":"https:\/\/www.fuldaernachrichten.de\/index.php?rest_route=\/wp\/v2\/posts\/147492","targetHints":{"allow":["GET"]}}],"collection":[{"href":"https:\/\/www.fuldaernachrichten.de\/index.php?rest_route=\/wp\/v2\/posts"}],"about":[{"href":"https:\/\/www.fuldaernachrichten.de\/index.php?rest_route=\/wp\/v2\/types\/post"}],"author":[{"embeddable":true,"href":"https:\/\/www.fuldaernachrichten.de\/index.php?rest_route=\/wp\/v2\/users\/1"}],"replies":[{"embeddable":true,"href":"https:\/\/www.fuldaernachrichten.de\/index.php?rest_route=%2Fwp%2Fv2%2Fcomments&post=147492"}],"version-history":[{"count":1,"href":"https:\/\/www.fuldaernachrichten.de\/index.php?rest_route=\/wp\/v2\/posts\/147492\/revisions"}],"predecessor-version":[{"id":147496,"href":"https:\/\/www.fuldaernachrichten.de\/index.php?rest_route=\/wp\/v2\/posts\/147492\/revisions\/147496"}],"wp:attachment":[{"href":"https:\/\/www.fuldaernachrichten.de\/index.php?rest_route=%2Fwp%2Fv2%2Fmedia&parent=147492"}],"wp:term":[{"taxonomy":"category","embeddable":true,"href":"https:\/\/www.fuldaernachrichten.de\/index.php?rest_route=%2Fwp%2Fv2%2Fcategories&post=147492"},{"taxonomy":"post_tag","embeddable":true,"href":"https:\/\/www.fuldaernachrichten.de\/index.php?rest_route=%2Fwp%2Fv2%2Ftags&post=147492"}],"curies":[{"name":"wp","href":"https:\/\/api.w.org\/{rel}","templated":true}]}}