{"id":147491,"date":"2016-01-27T12:57:10","date_gmt":"2016-01-27T11:57:10","guid":{"rendered":"http:\/\/www.fuldaer-nachrichten.de\/?p=147491"},"modified":"2016-01-27T12:57:10","modified_gmt":"2016-01-27T11:57:10","slug":"lyrik-gegen-das-vergessen","status":"publish","type":"post","link":"https:\/\/www.fuldaernachrichten.de\/?p=147491","title":{"rendered":"&#8220;Lyrik gegen das Vergessen"},"content":{"rendered":"<p><a href=\"http:\/\/www.fuldaer-nachrichten.de\/wp-content\/uploads\/2016\/01\/Heubach_neu.jpg\" rel=\"attachment wp-att-147499\"><img decoding=\"async\" class=\"alignleft size-thumbnail wp-image-147499\" src=\"http:\/\/www.fuldaer-nachrichten.de\/wp-content\/uploads\/2016\/01\/Heubach_neu-265x176.jpg\" alt=\"Heubach_neu\" width=\"265\" height=\"176\" srcset=\"https:\/\/www.fuldaernachrichten.de\/wp-content\/uploads\/2016\/01\/Heubach_neu-265x176.jpg 265w, https:\/\/www.fuldaernachrichten.de\/wp-content\/uploads\/2016\/01\/Heubach_neu-768x509.jpg 768w, https:\/\/www.fuldaernachrichten.de\/wp-content\/uploads\/2016\/01\/Heubach_neu-600x398.jpg 600w, https:\/\/www.fuldaernachrichten.de\/wp-content\/uploads\/2016\/01\/Heubach_neu.jpg 900w\" sizes=\"(max-width: 265px) 100vw, 265px\" \/><\/a>&#8220;Lyrik gegen das Vergessen&#8221; &#8211; mit einem nachdenklich stimmenden Abend er\u00f6ffnet der F\u00f6rderverein Landsynagoge Heubach am kommenden Sonntag, 31. Januar, die Reihe seiner Veranstaltungen im Jahr 2016. Ursula Illert wird ab 17 Uhr Texte vortragen, die in den Konzentrationslagern der Nazi-Barbarei entstanden sind. Die Musikerin Anka Hirsch spielt dazu auf ihrem Cello.<\/p>\n<p>Das Faltblatt, da eine \u00dcbersicht \u00fcber die Termine bis zum Sommer bietet, wird vom Ende der Woche an den \u00fcblichen Orten \u2013 den Rath\u00e4usern im S\u00fcdkreis, der Landesbibliothek in Fulda sowie an diversen anderen Kultur-Orten in der Region ausliegen. Auch auf der Internetseite des Vereins (www.synagoge-heubach.de) finden sich die entsprechenden Informationen.<\/p>\n<p><a href=\"http:\/\/www.fuldaer-nachrichten.de\/wp-content\/uploads\/2016\/01\/G\u00e4ste-aus-Frankfurt.jpg\" rel=\"attachment wp-att-147500\"><img decoding=\"async\" class=\"alignleft size-thumbnail wp-image-147500\" src=\"http:\/\/www.fuldaer-nachrichten.de\/wp-content\/uploads\/2016\/01\/G\u00e4ste-aus-Frankfurt-265x176.jpg\" alt=\"G\u00e4ste aus Frankfurt\" width=\"265\" height=\"176\" \/><\/a>Im Februar laden die Heubach-Freunde zu einem au\u00dferordentlichen Theater-Ereignis ein: Martina Roth und Johannes Conen sp\u00fcren mit \u201eIch bin ein Kontinent\u201c dem Leben und Werk der in Auschwitz ermordeten Dichterin Gertrud Kolmar nach.<\/p>\n<p>Was geschieht, wenn geordnet-konservativ-franz\u00f6sische Verh\u00e4ltnisse ethnische und religi\u00f6se Vielfalt einziehen, das zeigt mit Witz und Esprit ein Film des Regisseurs Philippe de Chauveron. Wie es Monsieur Claude und seine Angetrauten und den diversen T\u00f6chtern ergeht, kann man im M\u00e4rz in Heubach erleben.<\/p>\n<p>Einen neuen Zugang zu Lyrik beweisen er\u00f6ffnen Erlin H\u00c3\u00b8ld &amp; Lyz Nova (Gitarren, Bass, Schlagzeug) im April. Sie pr\u00e4sentieren singend und spielend auf ihre besondere Weise Texte unter anderem von Emily Dickinson, Friedrich H\u00f6lderlin, Novalis, Rainer Maria Rilke und Paul Verlaine.<\/p>\n<p><a href=\"http:\/\/www.fuldaer-nachrichten.de\/wp-content\/uploads\/2016\/01\/G\u00e4ste-aus-Israel.jpg\" rel=\"attachment wp-att-147501\"><img decoding=\"async\" class=\"alignleft size-thumbnail wp-image-147501\" src=\"http:\/\/www.fuldaer-nachrichten.de\/wp-content\/uploads\/2016\/01\/G\u00e4ste-aus-Israel-265x176.jpg\" alt=\"G\u00e4ste aus Israel\" width=\"265\" height=\"176\" \/><\/a>Zwei musikalische Veranstaltungen pr\u00e4sentiert der F\u00f6rderverein mit Unterst\u00fctzung durch den Kultursommer Main-Kinzig-Fulda: Im Juni l\u00e4dt das Jazzquartett \u201eOutside 4\u201c (Christoph Mangelsdorf, Wolfgang Schoberth. Martin Meyer und Thomas Mitsche (Schlagzeug) ein in die Welt des Blues und des freien Jazz. Mitte Juli bringt dann das Fuldaer Ensemble Salto Vocale ganz andere Kl\u00e4nge mit.<br \/>\nIn diesem Jahr begeht der F\u00f6rderverein ein kleines Jubil\u00e4um: Im Mai ist es zehn Jahre her, dass das vom Verfall bedrohte und dann sachkundig restaurierte Geb\u00e4ude seiner neuen Nutzung als Kultur- und Begegnungsst\u00e4tte \u00fcbergeben wurde. Aus diesem Anlass wird es Mitte Mai Angebote geben, zu denen gesondert eingeladen wird.<\/p>\n<p>Alle Veranstaltungen finden in der ehemaligen Synagoge im Kalbacher Ortsteil Heubach statt; der Eintritt ist frei; stattdessen erbittet der Verein angemessene Spenden.<br \/>\nwww.synagoge-heubach.de<\/p>\n","protected":false},"excerpt":{"rendered":"<div class=\"tmnf_excerpt\"><p>&#8220;Lyrik gegen das Vergessen&#8221; &#8211; mit einem nachdenklich stimmenden Abend er\u00f6ffnet der F\u00f6rderverein Landsynagoge Heubach am kommenden Sonntag, 31. Januar, die Reihe seiner Veranstaltungen im Jahr 2016. Ursula Illert wird ab 17 Uhr Texte vortragen, die in den Konzentrationslagern der Nazi-Barbarei entstanden sind. Die Musikerin Anka Hirsch spielt dazu auf ihrem Cello. Das Faltblatt, da &hellip;<\/p>\n<\/div>","protected":false},"author":1,"featured_media":147498,"comment_status":"closed","ping_status":"closed","sticky":false,"template":"","format":"standard","meta":{"footnotes":""},"categories":[1],"tags":[],"class_list":["post-147491","post","type-post","status-publish","format-standard","has-post-thumbnail","hentry","category-startseite"],"_links":{"self":[{"href":"https:\/\/www.fuldaernachrichten.de\/index.php?rest_route=\/wp\/v2\/posts\/147491","targetHints":{"allow":["GET"]}}],"collection":[{"href":"https:\/\/www.fuldaernachrichten.de\/index.php?rest_route=\/wp\/v2\/posts"}],"about":[{"href":"https:\/\/www.fuldaernachrichten.de\/index.php?rest_route=\/wp\/v2\/types\/post"}],"author":[{"embeddable":true,"href":"https:\/\/www.fuldaernachrichten.de\/index.php?rest_route=\/wp\/v2\/users\/1"}],"replies":[{"embeddable":true,"href":"https:\/\/www.fuldaernachrichten.de\/index.php?rest_route=%2Fwp%2Fv2%2Fcomments&post=147491"}],"version-history":[{"count":1,"href":"https:\/\/www.fuldaernachrichten.de\/index.php?rest_route=\/wp\/v2\/posts\/147491\/revisions"}],"predecessor-version":[{"id":147502,"href":"https:\/\/www.fuldaernachrichten.de\/index.php?rest_route=\/wp\/v2\/posts\/147491\/revisions\/147502"}],"wp:featuredmedia":[{"embeddable":true,"href":"https:\/\/www.fuldaernachrichten.de\/index.php?rest_route=\/wp\/v2\/media\/147498"}],"wp:attachment":[{"href":"https:\/\/www.fuldaernachrichten.de\/index.php?rest_route=%2Fwp%2Fv2%2Fmedia&parent=147491"}],"wp:term":[{"taxonomy":"category","embeddable":true,"href":"https:\/\/www.fuldaernachrichten.de\/index.php?rest_route=%2Fwp%2Fv2%2Fcategories&post=147491"},{"taxonomy":"post_tag","embeddable":true,"href":"https:\/\/www.fuldaernachrichten.de\/index.php?rest_route=%2Fwp%2Fv2%2Ftags&post=147491"}],"curies":[{"name":"wp","href":"https:\/\/api.w.org\/{rel}","templated":true}]}}