{"id":147490,"date":"2016-01-27T12:57:26","date_gmt":"2016-01-27T11:57:26","guid":{"rendered":"http:\/\/www.fuldaer-nachrichten.de\/?p=147490"},"modified":"2016-01-27T12:57:26","modified_gmt":"2016-01-27T11:57:26","slug":"kurs-fuer-pflegende-angehoerige-in-huenfeld","status":"publish","type":"post","link":"https:\/\/www.fuldaernachrichten.de\/?p=147490","title":{"rendered":"Kurs f\u00fcr pflegende Angeh\u00f6rige in H\u00fcnfeld"},"content":{"rendered":"<p>Die Pflege von Angeh\u00f6rigen zu Hause kostet Kraft. Je nach Schwere des Pflegefalles werden die psychischen Kr\u00e4fte ebenso in Anspruch genommen wie die k\u00f6rperlichen. Unterst\u00fctzung durch Pflegedienst schaffen zwar Erleichterung, aber entlasten nur bedingt. Der Caritasverband f\u00fcr die Regionen Fulda und Geisa e.V. bietet deshalb in Zusammenarbeit mit der BARMER GEK seit vielen Jahren regelm\u00e4\u00dfig Kurse f\u00fcr pflegende Angeh\u00f6rige an, um diese zu unterst\u00fctzen und ihnen die notwendigen Kenntnisse zu vermitteln.<\/p>\n<p>In der Zeit vom 15.02. bis 10.03.2016 findet der n\u00e4chste Kurs im Pfarrzentrum St. Ulrich in 36088 H\u00fcnfeld, Appelsbergstra\u00dfe 9 statt. Die Teilnahme ist kostenlos und die Teilnehmerzahl auf 16 Personen begrenzt. An acht Abenden montags und donnerstags von 19.30 bis 22 Uhr vermittelt Kursleiterin Angelika Rogowski, Diplom \u2013 Pflegewirtin (FH), P\u00e4dagogin f\u00fcr Pflege- und Gesundheitsberufe (M.A.), den Kursteilnehmern pflegerisches Wissen mit vielen praktischen \u00dcbungen entsprechend der Rahmenvereinbarung \u00c2\u00a7 45 SGB XI. Kursthemen sind beispielsweise: Lagerungen zur Vermeidung eines Dekubitus, Ern\u00e4hrung im Alter, der Umgang mit an Demenz erkrankten Menschen sowie Informationen zur Patientenverf\u00fcgung und Vorsorgevollmacht.<\/p>\n<p>Die Teilnehmer\/-innen erhalten bei mindestens sechsmaliger Teilnahme ein Zertifikat. Teilnehmen k\u00f6nnen auch Menschen, die noch nicht direkt in die Pflege eingebunden sind.<\/p>\n<p>Information und Anmeldung bei Angelika Rogowski, Buttlarstra\u00dfe 7, 36039 Fulda, Tel.: 0661\/ 77855; E-Mail: a.r.rogowski@gmx.de oder bei Pflegedienstleitung Jutta Schuldeis, Caritas \u2013 Sozialstation H\u00fcnfeld, Tel.: 06652\/ 73324\u00c2\u00a0 E-Mail: sozialstation.huenfeld@caritas-fulda.de<\/p>\n","protected":false},"excerpt":{"rendered":"<div class=\"tmnf_excerpt\"><p>Die Pflege von Angeh\u00f6rigen zu Hause kostet Kraft. Je nach Schwere des Pflegefalles werden die psychischen Kr\u00e4fte ebenso in Anspruch genommen wie die k\u00f6rperlichen. Unterst\u00fctzung durch Pflegedienst schaffen zwar Erleichterung, aber entlasten nur bedingt. Der Caritasverband f\u00fcr die Regionen Fulda und Geisa e.V. bietet deshalb in Zusammenarbeit mit der BARMER GEK seit vielen Jahren regelm\u00e4\u00dfig &hellip;<\/p>\n<\/div>","protected":false},"author":1,"featured_media":0,"comment_status":"closed","ping_status":"closed","sticky":false,"template":"","format":"standard","meta":{"footnotes":""},"categories":[1],"tags":[],"class_list":["post-147490","post","type-post","status-publish","format-standard","hentry","category-startseite"],"_links":{"self":[{"href":"https:\/\/www.fuldaernachrichten.de\/index.php?rest_route=\/wp\/v2\/posts\/147490","targetHints":{"allow":["GET"]}}],"collection":[{"href":"https:\/\/www.fuldaernachrichten.de\/index.php?rest_route=\/wp\/v2\/posts"}],"about":[{"href":"https:\/\/www.fuldaernachrichten.de\/index.php?rest_route=\/wp\/v2\/types\/post"}],"author":[{"embeddable":true,"href":"https:\/\/www.fuldaernachrichten.de\/index.php?rest_route=\/wp\/v2\/users\/1"}],"replies":[{"embeddable":true,"href":"https:\/\/www.fuldaernachrichten.de\/index.php?rest_route=%2Fwp%2Fv2%2Fcomments&post=147490"}],"version-history":[{"count":1,"href":"https:\/\/www.fuldaernachrichten.de\/index.php?rest_route=\/wp\/v2\/posts\/147490\/revisions"}],"predecessor-version":[{"id":147503,"href":"https:\/\/www.fuldaernachrichten.de\/index.php?rest_route=\/wp\/v2\/posts\/147490\/revisions\/147503"}],"wp:attachment":[{"href":"https:\/\/www.fuldaernachrichten.de\/index.php?rest_route=%2Fwp%2Fv2%2Fmedia&parent=147490"}],"wp:term":[{"taxonomy":"category","embeddable":true,"href":"https:\/\/www.fuldaernachrichten.de\/index.php?rest_route=%2Fwp%2Fv2%2Fcategories&post=147490"},{"taxonomy":"post_tag","embeddable":true,"href":"https:\/\/www.fuldaernachrichten.de\/index.php?rest_route=%2Fwp%2Fv2%2Ftags&post=147490"}],"curies":[{"name":"wp","href":"https:\/\/api.w.org\/{rel}","templated":true}]}}