{"id":147481,"date":"2016-01-26T18:20:31","date_gmt":"2016-01-26T17:20:31","guid":{"rendered":"http:\/\/www.fuldaer-nachrichten.de\/?p=147481"},"modified":"2016-01-26T18:20:31","modified_gmt":"2016-01-26T17:20:31","slug":"fuldaer-software-fuer-bildungsstaetten-bei-fachmesse-didacta","status":"publish","type":"post","link":"https:\/\/www.fuldaernachrichten.de\/?p=147481","title":{"rendered":"Fuldaer Software f\u00fcr Bildungsst\u00e4tten bei Fachmesse didacta"},"content":{"rendered":"<p>Die didacta in K\u00f6ln ist die gr\u00f6\u00dfte Bildungsmesse in Europa. Vom 16.-20.02.2016 treffen sich hier Entscheidungstr\u00e4ger aus allen Bildungsbereichen. Zum ersten Mal bei der Messe dabei ist Computer-L.A.N. aus Fulda. Das Software- und IT-Systemhaus stellt seine selbstentwickelte Software vor, die bereits bei \u00fcber 650 Bildungseinrichtungen im Einsatz ist.<\/p>\n<p>Jugendbildungsst\u00e4tten, Gruppenh\u00e4user und Akademien bew\u00e4ltigen jeden Tag eine Vielzahl an Aufgaben. Dazu geh\u00f6ren Adressenverwaltung, die Organisation von Zimmerbelegungen, Verpflegung und Seminarprogramm sowie die Abrechnung. Wer Fl\u00fcchtlinge unterbringt, steht vor weiteren Herausforderungen. \u201eDamit ein Haus professionell arbeiten kann, reichen Excel-Listen und ein Belegungsplan auf Papier nicht mehr aus\u201c, sagt Gesch\u00e4ftsf\u00fchrer Michael Haeuser. \u201eDer Konkurrenzdruck erfordert vor allem in der Verwaltung professionelle Werkzeuge.\u201c<\/p>\n<p>Der HausManager ist ein Rund-um-Programm f\u00fcr alle wichtigen Bereiche. Damit lassen sich Belegungen, Adressen und die komplette Hauswirtschaft verwalten. Alle Informationen werden zentral gespeichert \u2013 und sind so jederzeit f\u00fcr die zust\u00e4ndigen Mitarbeiter einsehbar. Im \u201eZeitplan\u201c werden die aktuellen Belegungen graphisch dargestellt und k\u00f6nnen flexibel bearbeitet werden.<\/p>\n<p>F\u00fcr Seminarh\u00e4user ohne \u00dcbernachtungsm\u00f6glichkeit ist der SeminarManager die passende L\u00f6sung. Eigene Bildungsangebote und Gastveranstaltungen lassen sich so bequem planen und abrechnen. Damit Einrichtungen ihr Kursprogramm auch online ver\u00f6ffentlichen k\u00f6nnen, verf\u00fcgt die Software \u00fcber eine Schnittstelle zum Internet. \u201eSo landen die Kurse mit wenigen Klicks auf der eigenen Webseite. Es gibt keine Doppelerfassungen mehr und die Teilnehmer k\u00f6nnen sich online anmelden\u201c, sagt Michael Haeuser.<\/p>\n<p>Auf der Messe finden Interessierte das Team von Computer-L.A.N. in Halle 9.1 am Stand Nr. 2.\u00c2\u00a0 Mehr Infos gibt es unter www.computer-lan.de\/didacta .<\/p>\n","protected":false},"excerpt":{"rendered":"<div class=\"tmnf_excerpt\"><p>Die didacta in K\u00f6ln ist die gr\u00f6\u00dfte Bildungsmesse in Europa. Vom 16.-20.02.2016 treffen sich hier Entscheidungstr\u00e4ger aus allen Bildungsbereichen. Zum ersten Mal bei der Messe dabei ist Computer-L.A.N. aus Fulda. Das Software- und IT-Systemhaus stellt seine selbstentwickelte Software vor, die bereits bei \u00fcber 650 Bildungseinrichtungen im Einsatz ist. Jugendbildungsst\u00e4tten, Gruppenh\u00e4user und Akademien bew\u00e4ltigen jeden Tag &hellip;<\/p>\n<\/div>","protected":false},"author":1,"featured_media":0,"comment_status":"closed","ping_status":"closed","sticky":false,"template":"","format":"standard","meta":{"footnotes":""},"categories":[1],"tags":[],"class_list":["post-147481","post","type-post","status-publish","format-standard","hentry","category-startseite"],"_links":{"self":[{"href":"https:\/\/www.fuldaernachrichten.de\/index.php?rest_route=\/wp\/v2\/posts\/147481","targetHints":{"allow":["GET"]}}],"collection":[{"href":"https:\/\/www.fuldaernachrichten.de\/index.php?rest_route=\/wp\/v2\/posts"}],"about":[{"href":"https:\/\/www.fuldaernachrichten.de\/index.php?rest_route=\/wp\/v2\/types\/post"}],"author":[{"embeddable":true,"href":"https:\/\/www.fuldaernachrichten.de\/index.php?rest_route=\/wp\/v2\/users\/1"}],"replies":[{"embeddable":true,"href":"https:\/\/www.fuldaernachrichten.de\/index.php?rest_route=%2Fwp%2Fv2%2Fcomments&post=147481"}],"version-history":[{"count":1,"href":"https:\/\/www.fuldaernachrichten.de\/index.php?rest_route=\/wp\/v2\/posts\/147481\/revisions"}],"predecessor-version":[{"id":147485,"href":"https:\/\/www.fuldaernachrichten.de\/index.php?rest_route=\/wp\/v2\/posts\/147481\/revisions\/147485"}],"wp:attachment":[{"href":"https:\/\/www.fuldaernachrichten.de\/index.php?rest_route=%2Fwp%2Fv2%2Fmedia&parent=147481"}],"wp:term":[{"taxonomy":"category","embeddable":true,"href":"https:\/\/www.fuldaernachrichten.de\/index.php?rest_route=%2Fwp%2Fv2%2Fcategories&post=147481"},{"taxonomy":"post_tag","embeddable":true,"href":"https:\/\/www.fuldaernachrichten.de\/index.php?rest_route=%2Fwp%2Fv2%2Ftags&post=147481"}],"curies":[{"name":"wp","href":"https:\/\/api.w.org\/{rel}","templated":true}]}}