{"id":147471,"date":"2016-01-26T18:20:20","date_gmt":"2016-01-26T17:20:20","guid":{"rendered":"http:\/\/www.fuldaer-nachrichten.de\/?p=147471"},"modified":"2016-01-26T18:20:20","modified_gmt":"2016-01-26T17:20:20","slug":"visite-von-sozial-staatssekretaer-dr-wolfgang-dippel-besichtigung-sozialer-einrichtungen-und-erweiterung-kinderhort","status":"publish","type":"post","link":"https:\/\/www.fuldaernachrichten.de\/?p=147471","title":{"rendered":"Visite von Sozial-Staatssekret\u00e4r Dr. Wolfgang Dippel Besichtigung sozialer Einrichtungen und Erweiterung Kinderhort"},"content":{"rendered":"<p>In der vergangenen Woche stattete auf Einladung aus dem Rathaus der Staatssekret\u00e4r des Hessischen Sozialministeriums, Herr Dr. Wolfgang Dippel (CDU), der Gemeinde Poppenhausen einen Besuch ab.<br \/>\nB\u00fcrgermeister Manfred Helfrich und eine Abordnung der gemeindlichen Gremien begr\u00fc\u00dften den Staatssekret\u00e4r. Sie berichteten \u00fcber die Anstrengungen der vergangenen Jahre bei der Umsetzung und Realisierung der einzelnen Bausteine. Dabei h\u00e4tten der Landkreis Fulda mit dem seitherigen Sozialdezernenten, dem Ersten Kreisbeigeordneten Dr. Heiko Wingenfeld, und die Fachbeh\u00f6rden eine wertvolle Unterst\u00fctzung geleistet.<\/p>\n<p>Bei einem Rundgang durch Poppenhausen informierte er sich \u00fcber die soziale Infrastruktur der Rh\u00f6ngemeinde. Angefangen von der Kinderkrippe \u201eDas Entdeckernest\u201c, \u00fcber die Kindertagesst\u00e4tte St. Elisabeth, die Station f\u00fcr Seniorentagespflege \u201eCasa Serena\u201c, die Seniorenwohnanlage St. Elisabeth, das Sozialprojekt \u201eLeben und Arbeiten in Poppenhausen\u201c mit dem Appartementhaus besichtigte die Gruppe auch den Kinderhort Poppenhausen im Von-Steinr\u00fcck-Haus.<\/p>\n<p>Das Angebot im Kinderhort ist eine freiwillige Leistung der Gemeinde, und ist ein Teil des Konzeptes \u201eKinderbetreuung und Kinderbildung von Anfang an. Von Geburt bis zum 10. Lebensjahr: Tagesm\u00fctter \u2013 Kinderkrippe \u2013 Kindertagesst\u00e4tte \u2013 Kinderhort\u201c.<\/p>\n<p>Kathrin Hoffmann, die Leiterin des Hortes, erl\u00e4uterte den Ablauf und das Bildungskonzept der Einrichtung.<\/p>\n<p>Dort werden nachmittags von Montag bis Freitag bis zu 27 Grundsch\u00fcler\/-innen von qualifizierten Fachkr\u00e4ften betreut. Die Pl\u00e4tze werden nach dem jeweiligen Bedarf im Time-Sharing belegt. Nach gemeinsamen Mittagessen, dem Spiel und der Bewegung auf dem angrenzenden Spielplatz oder im gro\u00dfen Saal des Von-Steinr\u00fcck-Hauses geht es konzentriert an die Hausaufgaben. Dabei wird nach dem selbst auferlegten Bildungskonzept den Schw\u00e4cheren eine besondere Aufmerksamkeit und F\u00f6rderung zuteil.<\/p>\n<p>Da die Betreuung und Bildung im Kinderhort eine gro\u00dfe Nachfrage erlebt, sind die R\u00e4umlichkeiten inzwischen nicht mehr ausreichend. Vielmehr m\u00fcssen die Kinder zeitweise bereits auf den angrenzenden Saal des Gemeinschaftshauses ausweichen, der eigentlich nicht mehr zur Einrichtung geh\u00f6rt.<\/p>\n<p>Daher besteht die Absicht die notwendige Erweiterung durch einen Anbau zu realisieren, der durch eine Verl\u00e4ngerung des vorhandenen Gruppenraums geschehen k\u00f6nnte.<\/p>\n<p>Staatssekret\u00e4r Dr. Dippel zeigte sich nach dem Rundgang beeindruckt \u00fcber die breite soziale Infrastruktur einer \u00fcberschaubaren Landgemeinde. Doch dieses Angebot bringe Lebensqualit\u00e4t in den l\u00e4ndlichen Raum und sei ein wichtiger Baustein f\u00fcr dessen Zukunftsf\u00e4higkeit.<br \/>\nDr. Dippel will die F\u00f6rderm\u00f6glichkeiten der Bauma\u00dfnahme bei der Hessischen Landesregierung pr\u00fcfen lassen und hofft, dass das beispielhafte Projekt eine Unterst\u00fctzung findet. Im Namen der Mandatstr\u00e4ger dankte B\u00fcrgermeister Manfred Helfrich f\u00fcr den Besuch, die Verbundenheit und die Unterst\u00fctzung des ehemaligen Fuldaer B\u00fcrgermeisters aus dem Sozialministerium.<\/p>\n<p>Gruppen-Foto v.l.:<br \/>\nHans-J\u00f6rg Hauke (Erster Beigeordneter), Dr. Wolfgang Dippel (Staatssekret\u00e4r Sozialministerium) Manfred Helfrich, Uwe Schleicher (Vorsitzender Haupt- u. Finanzausschuss), Manfred Herget (CDU-Fraktionsvorsitzender), Irmtraud Becker (Beigeordnete CWE) u. Kathrin Hoffmann (Leiterin Kinderhort Poppenhausen) mit einigen Hort-Kindern.<\/p>\n","protected":false},"excerpt":{"rendered":"<div class=\"tmnf_excerpt\"><p>In der vergangenen Woche stattete auf Einladung aus dem Rathaus der Staatssekret\u00e4r des Hessischen Sozialministeriums, Herr Dr. Wolfgang Dippel (CDU), der Gemeinde Poppenhausen einen Besuch ab. B\u00fcrgermeister Manfred Helfrich und eine Abordnung der gemeindlichen Gremien begr\u00fc\u00dften den Staatssekret\u00e4r. Sie berichteten \u00fcber die Anstrengungen der vergangenen Jahre bei der Umsetzung und Realisierung der einzelnen Bausteine. Dabei &hellip;<\/p>\n<\/div>","protected":false},"author":1,"featured_media":147482,"comment_status":"closed","ping_status":"closed","sticky":false,"template":"","format":"standard","meta":{"footnotes":""},"categories":[29],"tags":[],"class_list":["post-147471","post","type-post","status-publish","format-standard","has-post-thumbnail","hentry","category-politik"],"_links":{"self":[{"href":"https:\/\/www.fuldaernachrichten.de\/index.php?rest_route=\/wp\/v2\/posts\/147471","targetHints":{"allow":["GET"]}}],"collection":[{"href":"https:\/\/www.fuldaernachrichten.de\/index.php?rest_route=\/wp\/v2\/posts"}],"about":[{"href":"https:\/\/www.fuldaernachrichten.de\/index.php?rest_route=\/wp\/v2\/types\/post"}],"author":[{"embeddable":true,"href":"https:\/\/www.fuldaernachrichten.de\/index.php?rest_route=\/wp\/v2\/users\/1"}],"replies":[{"embeddable":true,"href":"https:\/\/www.fuldaernachrichten.de\/index.php?rest_route=%2Fwp%2Fv2%2Fcomments&post=147471"}],"version-history":[{"count":1,"href":"https:\/\/www.fuldaernachrichten.de\/index.php?rest_route=\/wp\/v2\/posts\/147471\/revisions"}],"predecessor-version":[{"id":147483,"href":"https:\/\/www.fuldaernachrichten.de\/index.php?rest_route=\/wp\/v2\/posts\/147471\/revisions\/147483"}],"wp:featuredmedia":[{"embeddable":true,"href":"https:\/\/www.fuldaernachrichten.de\/index.php?rest_route=\/wp\/v2\/media\/147482"}],"wp:attachment":[{"href":"https:\/\/www.fuldaernachrichten.de\/index.php?rest_route=%2Fwp%2Fv2%2Fmedia&parent=147471"}],"wp:term":[{"taxonomy":"category","embeddable":true,"href":"https:\/\/www.fuldaernachrichten.de\/index.php?rest_route=%2Fwp%2Fv2%2Fcategories&post=147471"},{"taxonomy":"post_tag","embeddable":true,"href":"https:\/\/www.fuldaernachrichten.de\/index.php?rest_route=%2Fwp%2Fv2%2Ftags&post=147471"}],"curies":[{"name":"wp","href":"https:\/\/api.w.org\/{rel}","templated":true}]}}