{"id":147463,"date":"2016-01-26T18:15:33","date_gmt":"2016-01-26T17:15:33","guid":{"rendered":"http:\/\/www.fuldaer-nachrichten.de\/?p=147463"},"modified":"2016-01-26T18:15:33","modified_gmt":"2016-01-26T17:15:33","slug":"pfordter-bruecke-bezahlbare-loesung-finden","status":"publish","type":"post","link":"https:\/\/www.fuldaernachrichten.de\/?p=147463","title":{"rendered":"Pfordter Br\u00fccke: Bezahlbare L\u00f6sung finden"},"content":{"rendered":"<p>Die Br\u00fccke bei Pfordt war der erste Ortstermin, den Dr. Markus Harzenetter an seinem Besuchstag im Vogelsbergkreis ansteuerte. Der Pr\u00e4sident des Landesamtes f\u00fcr Denkmalpflege attestierte denn auch, dass es sich um \u201eeine hochwertige klassizistische Br\u00fccke\u201c handelt. Die Sch\u00e4den an der Br\u00fccke erfordern eine Instandsetzung. Dr. Harzenetter hielt eine finanzielle Unterst\u00fctzung f\u00fcr denkmalpflegerische Aufwendungen f\u00fcr denkbar und sagte zu sich hierf\u00fcr einsetzen. Mit dabei waren auch Martin Wedler und Thomas Hahn als Vertreter der Stadt Schlitz sowie Ortsvorsteher Willy Kreuzer, dem die Sanierung der Br\u00fccke ebenfalls am Herzen liegt.<\/p>\n<p>F\u00fcr Landrat Manfred G\u00f6rig und Baudezernent Heinz Gei\u00dfel geht es neben einer denkmalgerechten und funktionsgerechten L\u00f6sung auch um die Bezahlbarkeit der Bauma\u00dfnahme. Die Br\u00fccke sollte nach einvernehmlicher Abstimmung der Planung schon im vergangenen Jahr erneuert werden. Die zugesagte F\u00f6rderung von Hessen Mobil wurde jedoch von der Zentrale in Wiesbaden wieder zur\u00fcckgezogen. \u201eEine Sanierung der Br\u00fccke, die auch eine geringe Verbreiterung der Fahrbahn beinhaltet, damit schwere Ernteger\u00e4te und Radfahrer sie passieren k\u00f6nnen, d\u00fcrfte rund 400 Tausend Euro kosten\u201c, sch\u00e4tzt der Baudezernent. Diese Kosten seien aber ohne F\u00f6rderung f\u00fcr den Kreis nicht zu stemmen. Bei den Landesstra\u00dfen setze man in Wiesbaden auf \u201eSanierung vor Neubau\u201c und unterst\u00fctze mit F\u00f6rdermitteln \u2013 \u201eleider scheint das nicht f\u00fcr die Sanierung von Kreisstra\u00dfen zu gelten\u201c.<\/p>\n<p>Mit einer bedarfs- und denkmalgerechten Planung, einer aktualisierten Aufstellung der Kosten, getrennt nach Br\u00fccken- und Fahrbahnstandsetzung und Aufwendungen f\u00fcr die Denkmalpflege will Landrat G\u00f6rig bei einem Gespr\u00e4ch mit Wirtschaftsminister Al-Wazir Ende Februar einen neuen Versuch unternehmen, um zu einer \u201evern\u00fcnftigen und bezahlbaren\u201c L\u00f6sung zu gelangen.<\/p>\n<p>Foto: Dr. Markus Harzenetter (Pr\u00e4sident des Landesamtes f\u00fcr Denkmalpflege, li.) besichtigte die Br\u00fccke in Pfordt \u2013 mit Baudezernent Heinz Gei\u00dfel, Horst Schmidt (Sachbearbeiter), Landrat Manfred G\u00f6rig, Martin Wedler und Thomas Hahn (Stadtverwaltung Schlitz), Bauamtsleiter Bernhard Hofmann, Bezirksdenkmalpfleger Ansgar Brockmann und Pfordts Ortsvorsteher Willy Kreuzer (von links) er\u00f6rterte er Sanierungs- und Finanzierungsm\u00f6glichkeiten.<\/p>\n","protected":false},"excerpt":{"rendered":"<div class=\"tmnf_excerpt\"><p>Die Br\u00fccke bei Pfordt war der erste Ortstermin, den Dr. Markus Harzenetter an seinem Besuchstag im Vogelsbergkreis ansteuerte. Der Pr\u00e4sident des Landesamtes f\u00fcr Denkmalpflege attestierte denn auch, dass es sich um \u201eeine hochwertige klassizistische Br\u00fccke\u201c handelt. Die Sch\u00e4den an der Br\u00fccke erfordern eine Instandsetzung. Dr. Harzenetter hielt eine finanzielle Unterst\u00fctzung f\u00fcr denkmalpflegerische Aufwendungen f\u00fcr denkbar &hellip;<\/p>\n<\/div>","protected":false},"author":1,"featured_media":147469,"comment_status":"closed","ping_status":"closed","sticky":false,"template":"","format":"standard","meta":{"footnotes":""},"categories":[1],"tags":[],"class_list":["post-147463","post","type-post","status-publish","format-standard","has-post-thumbnail","hentry","category-startseite"],"_links":{"self":[{"href":"https:\/\/www.fuldaernachrichten.de\/index.php?rest_route=\/wp\/v2\/posts\/147463","targetHints":{"allow":["GET"]}}],"collection":[{"href":"https:\/\/www.fuldaernachrichten.de\/index.php?rest_route=\/wp\/v2\/posts"}],"about":[{"href":"https:\/\/www.fuldaernachrichten.de\/index.php?rest_route=\/wp\/v2\/types\/post"}],"author":[{"embeddable":true,"href":"https:\/\/www.fuldaernachrichten.de\/index.php?rest_route=\/wp\/v2\/users\/1"}],"replies":[{"embeddable":true,"href":"https:\/\/www.fuldaernachrichten.de\/index.php?rest_route=%2Fwp%2Fv2%2Fcomments&post=147463"}],"version-history":[{"count":1,"href":"https:\/\/www.fuldaernachrichten.de\/index.php?rest_route=\/wp\/v2\/posts\/147463\/revisions"}],"predecessor-version":[{"id":147470,"href":"https:\/\/www.fuldaernachrichten.de\/index.php?rest_route=\/wp\/v2\/posts\/147463\/revisions\/147470"}],"wp:featuredmedia":[{"embeddable":true,"href":"https:\/\/www.fuldaernachrichten.de\/index.php?rest_route=\/wp\/v2\/media\/147469"}],"wp:attachment":[{"href":"https:\/\/www.fuldaernachrichten.de\/index.php?rest_route=%2Fwp%2Fv2%2Fmedia&parent=147463"}],"wp:term":[{"taxonomy":"category","embeddable":true,"href":"https:\/\/www.fuldaernachrichten.de\/index.php?rest_route=%2Fwp%2Fv2%2Fcategories&post=147463"},{"taxonomy":"post_tag","embeddable":true,"href":"https:\/\/www.fuldaernachrichten.de\/index.php?rest_route=%2Fwp%2Fv2%2Ftags&post=147463"}],"curies":[{"name":"wp","href":"https:\/\/api.w.org\/{rel}","templated":true}]}}