{"id":147462,"date":"2016-01-26T18:15:00","date_gmt":"2016-01-26T17:15:00","guid":{"rendered":"http:\/\/www.fuldaer-nachrichten.de\/?p=147462"},"modified":"2016-01-26T18:15:00","modified_gmt":"2016-01-26T17:15:00","slug":"info-faltblatt-fuer-menschen-die-pflegeeltern-werden-moechten-pflegefamilien-im-vogelsbergkreis","status":"publish","type":"post","link":"https:\/\/www.fuldaernachrichten.de\/?p=147462","title":{"rendered":"Info-Faltblatt f\u00fcr Menschen, die Pflegeeltern werden m\u00f6chten &#8211; &#8220;Pflegefamilien im Vogelsbergkreis&#8221;"},"content":{"rendered":"<p>Druckfrische Informationen f\u00fcr Menschen, die Pflegeeltern werden m\u00f6chten \u2013 Jugenddezernent Peter Zielinski, Gerhild Hoos-Jacob (Haus am Kirschberg) und Michael Facius (Jugendamt) pr\u00e4sentieren den Flyer zum Thema Pflegefamilien. Foto: Gaby Richter, Pressestelle Vogelsbergkreis<\/p>\n<p>Der erste Kreisbergeordnete Peter Zielinski pr\u00e4sentiert erfreut den druckfrischen Flyer \u201ePflegefamilien im Vogelsbergkreis\u201c. F\u00fcr Menschen, die an der Aufnahme von Pflegekindern interessiert sind, enth\u00e4lt er erste Informationen zu dieser verantwortungsvollen Aufgabe und benennt kompetente Ansprechpartner f\u00fcr weitergehende Fragen.<\/p>\n<p>Seit August des vergangenen Jahres kooperiert das Jugendamt im Pflegekinderwesen mit dem \u201eHaus am Kirschberg\u201c, einem freien Jugendhilfetr\u00e4ger in Lauterbach. \u201eEin wichtiges Ziel unserer Kooperation ist die Gewinnung neuer Pflegefamilien im Kreisgebiet\u201c, erkl\u00e4rt Michael Facius vom Jugendamt. Auch die Arbeit mit den Familien, aus denen die Pflegekinder stammen, mache einen wichtigen Teil der Arbeit aus. \u201eWir m\u00f6chten au\u00dferdem die schon bestehenden Pflegeverh\u00e4ltnisse st\u00e4rker betreuen, die Pflegeeltern schulen und bei ihrer wichtigen Aufgabe unterst\u00fctzen\u201c, erg\u00e4nzt Gerhild Hoos-Jacob, die p\u00e4dagogische Leiterin im Haus am Kirschberg.<\/p>\n<p>Der Flyer liegt an den Standorten der Kreisverwaltung, in Schulen, Kinderg\u00e4rten und weiteren \u00f6ffentlichen Einrichtungen zur Mitnahme bereit. Wie Jugenddezernent Peter Zielinski weiter mitteilt, ist f\u00fcr Menschen, die sich entschlossen haben Pflegeeltern zu werden, bereits im April\/Mai 2016 ein Grundkurs geplant.<\/p>\n<p>Interessenten k\u00f6nnen den Flyer gerne auch telefonisch beim Pflegekinderdienst des Jugendamtes (06631-792833) oder bei den Kooperationspartnern vom \u201eHaus am Kirschberg\u201c (06641-1242) bzw. unter der gemeinsamen Internetadresse pflegekinderdienst@vogelsbergkreis.de anfordern.<\/p>\n","protected":false},"excerpt":{"rendered":"<div class=\"tmnf_excerpt\"><p>Druckfrische Informationen f\u00fcr Menschen, die Pflegeeltern werden m\u00f6chten \u2013 Jugenddezernent Peter Zielinski, Gerhild Hoos-Jacob (Haus am Kirschberg) und Michael Facius (Jugendamt) pr\u00e4sentieren den Flyer zum Thema Pflegefamilien. Foto: Gaby Richter, Pressestelle Vogelsbergkreis Der erste Kreisbergeordnete Peter Zielinski pr\u00e4sentiert erfreut den druckfrischen Flyer \u201ePflegefamilien im Vogelsbergkreis\u201c. F\u00fcr Menschen, die an der Aufnahme von Pflegekindern interessiert sind, &hellip;<\/p>\n<\/div>","protected":false},"author":1,"featured_media":147467,"comment_status":"closed","ping_status":"closed","sticky":false,"template":"","format":"standard","meta":{"footnotes":""},"categories":[1],"tags":[],"class_list":["post-147462","post","type-post","status-publish","format-standard","has-post-thumbnail","hentry","category-startseite"],"_links":{"self":[{"href":"https:\/\/www.fuldaernachrichten.de\/index.php?rest_route=\/wp\/v2\/posts\/147462","targetHints":{"allow":["GET"]}}],"collection":[{"href":"https:\/\/www.fuldaernachrichten.de\/index.php?rest_route=\/wp\/v2\/posts"}],"about":[{"href":"https:\/\/www.fuldaernachrichten.de\/index.php?rest_route=\/wp\/v2\/types\/post"}],"author":[{"embeddable":true,"href":"https:\/\/www.fuldaernachrichten.de\/index.php?rest_route=\/wp\/v2\/users\/1"}],"replies":[{"embeddable":true,"href":"https:\/\/www.fuldaernachrichten.de\/index.php?rest_route=%2Fwp%2Fv2%2Fcomments&post=147462"}],"version-history":[{"count":1,"href":"https:\/\/www.fuldaernachrichten.de\/index.php?rest_route=\/wp\/v2\/posts\/147462\/revisions"}],"predecessor-version":[{"id":147468,"href":"https:\/\/www.fuldaernachrichten.de\/index.php?rest_route=\/wp\/v2\/posts\/147462\/revisions\/147468"}],"wp:featuredmedia":[{"embeddable":true,"href":"https:\/\/www.fuldaernachrichten.de\/index.php?rest_route=\/wp\/v2\/media\/147467"}],"wp:attachment":[{"href":"https:\/\/www.fuldaernachrichten.de\/index.php?rest_route=%2Fwp%2Fv2%2Fmedia&parent=147462"}],"wp:term":[{"taxonomy":"category","embeddable":true,"href":"https:\/\/www.fuldaernachrichten.de\/index.php?rest_route=%2Fwp%2Fv2%2Fcategories&post=147462"},{"taxonomy":"post_tag","embeddable":true,"href":"https:\/\/www.fuldaernachrichten.de\/index.php?rest_route=%2Fwp%2Fv2%2Ftags&post=147462"}],"curies":[{"name":"wp","href":"https:\/\/api.w.org\/{rel}","templated":true}]}}