{"id":147446,"date":"2016-01-26T11:24:24","date_gmt":"2016-01-26T10:24:24","guid":{"rendered":"http:\/\/www.fuldaer-nachrichten.de\/?p=147446"},"modified":"2016-01-26T11:24:24","modified_gmt":"2016-01-26T10:24:24","slug":"pater-paulus-haegele-80-jahre","status":"publish","type":"post","link":"https:\/\/www.fuldaernachrichten.de\/?p=147446","title":{"rendered":"Pater Paulus H\u00e4gele 80 Jahre"},"content":{"rendered":"<p>Am 30. Januar vollendet Pater Dr. Paulus H\u00e4gele OFM sein 80. Lebensjahr. Geboren 1936 in Holzleuten (Di\u00f6zese Rottenburg-Stuttgart), trat er 1957 als Novize in die fr\u00fchere Th\u00fcringische Provinz des Franziskanerordens ein. Am 28. Juli 1963 empfing er in der Klosterkirche auf dem Frauenberg in Fulda durch den damaligen Weihbischof Dr. Eduard Schick die Priesterweihe. Danach studierte er an der Universit\u00e4t Freiburg Geschichte und Germanistik, schloss es mit dem Staatsexamen und der Promotion zum Doktor der Philosophie ab und absolvierte anschlie\u00dfend das Referendariat am Domgymnasium in Fulda. Von 1972 bis 2002 wirkte er als Lehrer in den F\u00e4chern Katholische Religion, Geschichte, Deutsch und Philosophie am Franziskanergymnasium Kreuzburg in Gro\u00dfkrotzenburg und seit 1980 als Fachleiter am Studienseminar in Offenbach. Seit 1992 leitete er au\u00dferdem die Finanzverwaltung der Schule. In der Zeit vom 1. Januar 2003 bis zum 31. August 2007 und nach kurzer Unterbrechung war er bis zur Vereinigung der vier deutschen Franziskanerprovinzen zur \u201eDeutschen Franziskanerprovinz\u201c am 1. Juli 2010 Provinz\u00f6konom der Th\u00fcringischen Provinz.<\/p>\n<p>Seit 1. August 2004 ist Pater Paulus, der auf dem Frauenberg in Fulda lebt, Subsidiar (mitarbeitender Pfarrer) in den Pfarreien St. Johannes d. T\u00e4ufer in Johannesberg und St. Peter in Bronnzell, wo er unter anderem einen Bibelkreis leitet und als Seelsorger gesch\u00e4tzt wird. Dar\u00fcber hinaus beteiligt er sich an den seelsorglichen Aufgaben und anderen Diensten seines Klosters. Hier ist er auch f\u00fcr die Klosterbibliothek zust\u00e4ndig. 2003\/2004 wirkte er vor\u00fcbergehend als Spiritual im Fuldaer Priesterseminar. Seit 2005 geh\u00f6rt er als Mitglied den Kuratorien der Stiftungen Marianum und Marienschule Fulda an. Von 2007 bis 2013 war er zudem gew\u00e4hltes Mitglied des Priesterrats der Di\u00f6zese Fulda.<\/p>\n","protected":false},"excerpt":{"rendered":"<div class=\"tmnf_excerpt\"><p>Am 30. Januar vollendet Pater Dr. Paulus H\u00e4gele OFM sein 80. Lebensjahr. Geboren 1936 in Holzleuten (Di\u00f6zese Rottenburg-Stuttgart), trat er 1957 als Novize in die fr\u00fchere Th\u00fcringische Provinz des Franziskanerordens ein. Am 28. Juli 1963 empfing er in der Klosterkirche auf dem Frauenberg in Fulda durch den damaligen Weihbischof Dr. Eduard Schick die Priesterweihe. Danach &hellip;<\/p>\n<\/div>","protected":false},"author":1,"featured_media":147455,"comment_status":"closed","ping_status":"closed","sticky":false,"template":"","format":"standard","meta":{"footnotes":""},"categories":[50],"tags":[],"class_list":["post-147446","post","type-post","status-publish","format-standard","has-post-thumbnail","hentry","category-kirche"],"_links":{"self":[{"href":"https:\/\/www.fuldaernachrichten.de\/index.php?rest_route=\/wp\/v2\/posts\/147446","targetHints":{"allow":["GET"]}}],"collection":[{"href":"https:\/\/www.fuldaernachrichten.de\/index.php?rest_route=\/wp\/v2\/posts"}],"about":[{"href":"https:\/\/www.fuldaernachrichten.de\/index.php?rest_route=\/wp\/v2\/types\/post"}],"author":[{"embeddable":true,"href":"https:\/\/www.fuldaernachrichten.de\/index.php?rest_route=\/wp\/v2\/users\/1"}],"replies":[{"embeddable":true,"href":"https:\/\/www.fuldaernachrichten.de\/index.php?rest_route=%2Fwp%2Fv2%2Fcomments&post=147446"}],"version-history":[{"count":1,"href":"https:\/\/www.fuldaernachrichten.de\/index.php?rest_route=\/wp\/v2\/posts\/147446\/revisions"}],"predecessor-version":[{"id":147456,"href":"https:\/\/www.fuldaernachrichten.de\/index.php?rest_route=\/wp\/v2\/posts\/147446\/revisions\/147456"}],"wp:featuredmedia":[{"embeddable":true,"href":"https:\/\/www.fuldaernachrichten.de\/index.php?rest_route=\/wp\/v2\/media\/147455"}],"wp:attachment":[{"href":"https:\/\/www.fuldaernachrichten.de\/index.php?rest_route=%2Fwp%2Fv2%2Fmedia&parent=147446"}],"wp:term":[{"taxonomy":"category","embeddable":true,"href":"https:\/\/www.fuldaernachrichten.de\/index.php?rest_route=%2Fwp%2Fv2%2Fcategories&post=147446"},{"taxonomy":"post_tag","embeddable":true,"href":"https:\/\/www.fuldaernachrichten.de\/index.php?rest_route=%2Fwp%2Fv2%2Ftags&post=147446"}],"curies":[{"name":"wp","href":"https:\/\/api.w.org\/{rel}","templated":true}]}}