{"id":147443,"date":"2016-01-26T11:23:08","date_gmt":"2016-01-26T10:23:08","guid":{"rendered":"http:\/\/www.fuldaer-nachrichten.de\/?p=147443"},"modified":"2016-01-26T11:23:08","modified_gmt":"2016-01-26T10:23:08","slug":"ohne-abitur-in-die-berufliche-zukunft-arbeitsagentur-laedt-zur-lehrstellenboerse-am-04-februar-ein","status":"publish","type":"post","link":"https:\/\/www.fuldaernachrichten.de\/?p=147443","title":{"rendered":"Ohne Abitur in die berufliche Zukunft &#8211; Arbeitsagentur l\u00e4dt zur Lehrstellenb\u00f6rse am 04. Februar ein"},"content":{"rendered":"<p>Alle Sch\u00fclerinnen und Sch\u00fcler mit Haupt- oder Realschulabschluss, die f\u00fcr den Ausbildungsbeginn im August noch nicht die passende Stelle gefunden haben, erhalten am Donnerstag, 4. Februar, eine einmalige Chance! Von 14.00 bis 17 Uhr veranstaltet die Agentur f\u00fcr Arbeit Bad Hersfeld, Vitalisstr.1, im Berufsinformationszentrum eine Lehrstellenb\u00f6rse speziell f\u00fcr Hauptsch\u00fclerinnen und Hauptsch\u00fcler.<br \/>\n\u201eWir haben mehr als 300 freie Ausbildungsstellen f\u00fcr 2016 im Angebot, f\u00fcr die man zum Gro\u00dfteil kein Abiturzeugnis in der Tasche haben muss. Die Chancen auf dem Ausbildungsmarkt waren noch nie so gut wie zurzeit. Oft wird der Besuch von weiterf\u00fchrenden Schulen dem Beginn einer Ausbildung vorgezogen, weil Informationen \u00fcber Ausbildungsberufe und die damit verbundenen Entwicklungsm\u00f6glichkeiten fehlen\u201c, erkl\u00e4rt Thorsten Wilhelm, Teamleiter der Berufsberatung.<br \/>\nUm ihre Ausbildungsangebote vorzustellen, werden mehr als zehn Unternehmen aus der Region vor Ort sein. \u00dcber Aush\u00e4nge und in pers\u00f6nlichen Gespr\u00e4chen mit Berufsberatern und Ausbildungsvermittlern erfahren die Jugendlichen, welche M\u00f6glichkeiten sie in der Region haben.<\/p>\n<p>\u201eAttraktive Betriebe in Wirtschaft, Technik, Finanzwesen und Verwaltung bieten Ausbildungsstellen in Berufen mit Zukunfts- und Aufstiegsm\u00f6glichkeiten an und sichern sich so ihren Fachkr\u00e4ftebedarf von morgen. Wer im n\u00e4chsten Jahr eine Ausbildung beginnen m\u00f6chte, sollte sich deshalb fr\u00fchzeitig bewerben und sich seinen Platz in der beruflichen Zukunft sichern\u201c, r\u00e4t Thorsten Wilhelm. So gelte auch auf dem Ausbildungsmarkt: Wer zuerst kommt, malt zuerst \u2013 die begehrtesten Ausbildungsstellen w\u00fcrden meist als erste besetzt.<\/p>\n<p>Die B\u00f6rse richtet sich auch insbesondere an Jugendliche, die bisher noch nicht als Bewerber bei der Berufsberatung gemeldet sind. Sie haben an diesem Tag die Gelegenheit sich \u00fcber die freien Angebote zu informieren, interessante Stellen zu notieren und erhalten zeitnah einen Termin f\u00fcr ein ausf\u00fchrliches Beratungsgespr\u00e4ch.<\/p>\n<p>Eine Anmeldung ist nicht erforderlich. Das letzte Schulzeugnis sowie Nachweise \u00fcber absolvierte Praktika oder besondere Kenntnisse sollten jedoch mitgebracht werden.<\/p>\n","protected":false},"excerpt":{"rendered":"<div class=\"tmnf_excerpt\"><p>Alle Sch\u00fclerinnen und Sch\u00fcler mit Haupt- oder Realschulabschluss, die f\u00fcr den Ausbildungsbeginn im August noch nicht die passende Stelle gefunden haben, erhalten am Donnerstag, 4. Februar, eine einmalige Chance! Von 14.00 bis 17 Uhr veranstaltet die Agentur f\u00fcr Arbeit Bad Hersfeld, Vitalisstr.1, im Berufsinformationszentrum eine Lehrstellenb\u00f6rse speziell f\u00fcr Hauptsch\u00fclerinnen und Hauptsch\u00fcler. \u201eWir haben mehr als &hellip;<\/p>\n<\/div>","protected":false},"author":1,"featured_media":0,"comment_status":"closed","ping_status":"closed","sticky":false,"template":"","format":"standard","meta":{"footnotes":""},"categories":[53],"tags":[],"class_list":["post-147443","post","type-post","status-publish","format-standard","hentry","category-bildung"],"_links":{"self":[{"href":"https:\/\/www.fuldaernachrichten.de\/index.php?rest_route=\/wp\/v2\/posts\/147443","targetHints":{"allow":["GET"]}}],"collection":[{"href":"https:\/\/www.fuldaernachrichten.de\/index.php?rest_route=\/wp\/v2\/posts"}],"about":[{"href":"https:\/\/www.fuldaernachrichten.de\/index.php?rest_route=\/wp\/v2\/types\/post"}],"author":[{"embeddable":true,"href":"https:\/\/www.fuldaernachrichten.de\/index.php?rest_route=\/wp\/v2\/users\/1"}],"replies":[{"embeddable":true,"href":"https:\/\/www.fuldaernachrichten.de\/index.php?rest_route=%2Fwp%2Fv2%2Fcomments&post=147443"}],"version-history":[{"count":1,"href":"https:\/\/www.fuldaernachrichten.de\/index.php?rest_route=\/wp\/v2\/posts\/147443\/revisions"}],"predecessor-version":[{"id":147451,"href":"https:\/\/www.fuldaernachrichten.de\/index.php?rest_route=\/wp\/v2\/posts\/147443\/revisions\/147451"}],"wp:attachment":[{"href":"https:\/\/www.fuldaernachrichten.de\/index.php?rest_route=%2Fwp%2Fv2%2Fmedia&parent=147443"}],"wp:term":[{"taxonomy":"category","embeddable":true,"href":"https:\/\/www.fuldaernachrichten.de\/index.php?rest_route=%2Fwp%2Fv2%2Fcategories&post=147443"},{"taxonomy":"post_tag","embeddable":true,"href":"https:\/\/www.fuldaernachrichten.de\/index.php?rest_route=%2Fwp%2Fv2%2Ftags&post=147443"}],"curies":[{"name":"wp","href":"https:\/\/api.w.org\/{rel}","templated":true}]}}