{"id":147421,"date":"2016-01-25T15:25:48","date_gmt":"2016-01-25T14:25:48","guid":{"rendered":"http:\/\/www.fuldaer-nachrichten.de\/?p=147421"},"modified":"2016-01-25T15:25:48","modified_gmt":"2016-01-25T14:25:48","slug":"bdkj-jugendgottesdienste-2016-start-der-reihe-unter-dem-thema-jesus-macht-juenger","status":"publish","type":"post","link":"https:\/\/www.fuldaernachrichten.de\/?p=147421","title":{"rendered":"BDKJ-Jugendgottesdienste 2016 Start der Reihe unter dem Thema: \u201eJesus macht J\u00fcnger!\u201c"},"content":{"rendered":"<p>Der Bund der Deutschen Katholischen Jugend (BDKJ) l\u00e4dt die Jugendlichen herzlich zum ersten BDKJ-Gottesdienst in diesem Jahr ein. Jugendpfarrer Thomas Renze wird die diesj\u00e4hrige Reihe der BDKJ-Jugendgottesdienste am kommenden Sonntag, den 31.\u00c2\u00a0Januar 2016, um 18.30 Uhr in der Pfarrkirche St. Paulus in Fulda (Goerdelerstra\u00dfe) er\u00f6ffnen. Die musikalische Gestaltung \u00fcbernimmt die Gruppe \u201eEsprit\u201c aus Fulda-Gl\u00e4serzell.<\/p>\n<p>In diesem Jahr stehen die acht Jugendgottesdienste unter dem Thema \u201eJesus macht J\u00fcnger!\u201c. Im Anschluss in den Gottesdienst sind alle Gottesdienstbesucher wieder herzlich zu Gespr\u00e4chen ins Foyer des Pfarrsaals eingeladen.<\/p>\n<p>Der Bund der Deutschen katholischen Jugend (BDKJ) im Bistum Fulda unterst\u00fctzt junge Menschen bei ihrer pers\u00f6nlichen Entwicklung und Wegfindung. Er bietet u.a. Bildungsurlaubs\u00c2\u00adseminare an und ist Tr\u00e4ger der Freiwilligendienste FSJ und BFD. Als Dachverband vertritt er bistumsweit in Kirche, Politik und Gesellschaft die Interessen von ca. 6500 Mitgliedern der katholischen Jugendverb\u00e4nde: DPSG (Deutsche Pfadfinderschaft St. Georg), JAA (Junge Aktion der Ackermanngemeinde), J-GCL (Jugendverb\u00e4nde der Gemeinschaft Christlichen Lebens), KjG (Kath. Junge Gemeinde), KLJB (Kath. Landjugendbewegung), KSJ (Kath. Studierende Jugend), Malteser Jugend und Kolpingjugend, sowie der DjK (Deutsche Jugendkraft) als Anschluss\u00c2\u00adverband.<\/p>\n","protected":false},"excerpt":{"rendered":"<div class=\"tmnf_excerpt\"><p>Der Bund der Deutschen Katholischen Jugend (BDKJ) l\u00e4dt die Jugendlichen herzlich zum ersten BDKJ-Gottesdienst in diesem Jahr ein. Jugendpfarrer Thomas Renze wird die diesj\u00e4hrige Reihe der BDKJ-Jugendgottesdienste am kommenden Sonntag, den 31.\u00c2\u00a0Januar 2016, um 18.30 Uhr in der Pfarrkirche St. Paulus in Fulda (Goerdelerstra\u00dfe) er\u00f6ffnen. Die musikalische Gestaltung \u00fcbernimmt die Gruppe \u201eEsprit\u201c aus Fulda-Gl\u00e4serzell. In &hellip;<\/p>\n<\/div>","protected":false},"author":1,"featured_media":0,"comment_status":"closed","ping_status":"closed","sticky":false,"template":"","format":"standard","meta":{"footnotes":""},"categories":[50],"tags":[],"class_list":["post-147421","post","type-post","status-publish","format-standard","hentry","category-kirche"],"_links":{"self":[{"href":"https:\/\/www.fuldaernachrichten.de\/index.php?rest_route=\/wp\/v2\/posts\/147421","targetHints":{"allow":["GET"]}}],"collection":[{"href":"https:\/\/www.fuldaernachrichten.de\/index.php?rest_route=\/wp\/v2\/posts"}],"about":[{"href":"https:\/\/www.fuldaernachrichten.de\/index.php?rest_route=\/wp\/v2\/types\/post"}],"author":[{"embeddable":true,"href":"https:\/\/www.fuldaernachrichten.de\/index.php?rest_route=\/wp\/v2\/users\/1"}],"replies":[{"embeddable":true,"href":"https:\/\/www.fuldaernachrichten.de\/index.php?rest_route=%2Fwp%2Fv2%2Fcomments&post=147421"}],"version-history":[{"count":1,"href":"https:\/\/www.fuldaernachrichten.de\/index.php?rest_route=\/wp\/v2\/posts\/147421\/revisions"}],"predecessor-version":[{"id":147424,"href":"https:\/\/www.fuldaernachrichten.de\/index.php?rest_route=\/wp\/v2\/posts\/147421\/revisions\/147424"}],"wp:attachment":[{"href":"https:\/\/www.fuldaernachrichten.de\/index.php?rest_route=%2Fwp%2Fv2%2Fmedia&parent=147421"}],"wp:term":[{"taxonomy":"category","embeddable":true,"href":"https:\/\/www.fuldaernachrichten.de\/index.php?rest_route=%2Fwp%2Fv2%2Fcategories&post=147421"},{"taxonomy":"post_tag","embeddable":true,"href":"https:\/\/www.fuldaernachrichten.de\/index.php?rest_route=%2Fwp%2Fv2%2Ftags&post=147421"}],"curies":[{"name":"wp","href":"https:\/\/api.w.org\/{rel}","templated":true}]}}