{"id":147406,"date":"2016-01-27T13:19:18","date_gmt":"2016-01-27T12:19:18","guid":{"rendered":"http:\/\/www.fuldaer-nachrichten.de\/?p=147406"},"modified":"2016-01-27T19:20:49","modified_gmt":"2016-01-27T18:20:49","slug":"planungen-fuer-adac-rallye-deutschland-2016-laufen-auf-hochtouren","status":"publish","type":"post","link":"https:\/\/www.fuldaernachrichten.de\/?p=147406","title":{"rendered":"Planungen f\u00fcr ADAC Rallye Deutschland 2016 laufen auf Hochtouren"},"content":{"rendered":"<p>Die FIA Rallye-Weltmeisterschaft 2016 ist gestartet: Am vergangenen Wochenende ging es f\u00fcr die WRC-Stars bei der ber\u00fchmten Rallye Monte Carlo um die ersten Punkte. Nach einem spannenden Kampf in den franz\u00f6sischen Seealpen startet Titelverteidiger S\u00e9bastien Ogier im Volkswagen Polo R WRC mit seinem insgesamt dritten Monte-Sieg in die neue Saison. <!--more--><\/p>\n<p>Vom 18. bis 21. August sind die besten Rallye-Piloten der Welt bei der ADAC Rallye Deutschland in der Region um Trier zu Gast. Tickets f\u00fcr das Rallye-Spektakel zwischen den Weinbergen der Moselgegend und dem Saarland gibt es bereits im Vorverkauf. Damit Weltmeister S\u00e9bastien Ogier und die anderen WRC-Stars auch beim diesj\u00e4hrigen deutschen Lauf zur FIA Rallye-Weltmeisterschaft wieder mit atemberaubenden Man\u00f6vern gl\u00e4nzen k\u00f6nnen, laufen die Planungen des Organisationsteams rund um Rallye-Leiter Alfred Rommelfanger auf Hochtouren. <\/p>\n<p>Im Fokus steht derzeit der Ablauf der Veranstaltung: Die Streckenf\u00fchrung in der Rallye-Region und die Abfolge der Wertungspr\u00fcfungen nehmen zunehmend Gestalt an. Schon jetzt steht fest, dass es f\u00fcr Fans und Teilnehmer dabei einige spannende Neuerungen geben wird. Am Freitag (19. August) konzentriert sich das Geschehen im Wesentlichen auf die Moselregion und wird am Abend gekr\u00f6nt von einem neuen Highlight. Hierzu Alfred Rommelfanger: &#8220;Wir planen etwas, das es bei der ADAC Rallye Deutschland in dieser Form noch nie gegeben hat &#8211; mehr kann ich zurzeit noch nicht verraten!&#8221; <\/p>\n<p>Der Rallye-Samstag (20. August) steht ganz im Zeichen der schnellen Wertungspr\u00fcfungen im Saarland und der geballten Action auf dem Truppen\u00fcbungsplatz Baumholder mit der ber\u00fchmt-ber\u00fcchtigten Panzerplatte. Am Sonntag (21. August) kehrt die ADAC Rallye Deutschland 2016 zur\u00fcck in die Weinberge. F\u00fcr den Finaltag steht ebenfalls eine wichtige Neuerung schon fest: Die Wertungspr\u00fcfung Sauertal wird zur neuen Powerstage. Bei der Abschlusspr\u00fcfung k\u00f6nnen die WRC-Stars noch einmal Extrapunkte f\u00fcr die Weltmeisterschaftswertung sammeln. Wie der Rallye-Auftakt wird auch die Siegerehrung wieder vor der historischen Kulisse der Porta-Nigra in Trier stattfinden. <\/p>\n<p><strong>Jetzt Rallye-P\u00e4sse und Tagestickets im Vorverkauf sichern<\/strong><br \/>\nWie die Planungen l\u00e4uft auch der Ticket-Vorverkauf f\u00fcr die ADAC Rallye Deutschland bereits auf Hochtouren: Neben dem Rallye-Pass f\u00fcr alle vier Tage sind in diesem Jahr auch Tickets f\u00fcr einzelne Rallye-Tage (Freitag, Samstag oder Sonntag) im Vorverkauf verf\u00fcgbar. Am jeweiligen G\u00fcltigkeitstag erm\u00f6glichen sie den Zugang zu den Zuschauerbereichen aller Wertungspr\u00fcfungen sowie zum Servicepark in Trier. Die Rallye-P\u00e4sse und die Tagestickets k\u00f6nnen ab sofort unter http:\/\/shop.rallye-deutschland.de bestellt werden. <\/p>\n<p><strong>Attraktives Paketangebot im Vorverkauf<\/strong><br \/>\nVorbesteller von Rallye-P\u00e4ssen der ADAC Rallye Deutschland 2016 profitieren von erm\u00e4\u00dfigten Preisen und einem attraktiven Paketangebot, bei dem erstmals das offizielle Rallye-Programmheft schon im Ticketpreis inbegriffen ist. Der Rallye-Pass ist im Vorverkauf zum Preis von 70 Euro (f\u00fcr ADAC Mitglieder 65 Euro) erh\u00e4ltlich und ist damit als Paket (Rallye-Pass plus Rallye-Programmheft) g\u00fcnstiger als in den Vorjahren. Der Rallye-Pass beinhaltet:<br \/>\n&#8211; Zugang zu allen Wertungspr\u00fcfungen an allen Tagen<br \/>\n&#8211; Zugang zum Servicepark an allen Tagen<br \/>\n&#8211; Zugang zum Shakedown am Donnerstag<br \/>\n&#8211; Spectator Map mit den wichtigsten Informationen rund um das Renngeschehen<br \/>\n&#8211; ADAC Rallye Deutschland-Ticketband<br \/>\n&#8211; ADAC Rallye Deutschland-Aufkleber<br \/>\n&#8211; ADAC Rallye Deutschland-Programmheft<\/p>\n<p>Das Tagesticket f\u00fcr die ADAC Rallye Deutschland 2016 ist zum Preis von 35 Euro ausschlie\u00dflich im Vorverkauf erh\u00e4ltlich. <\/p>\n<p><strong>Infos zur ADAC Rallye Deutschland<\/strong><br \/>\nDie ADAC Rallye Deutschland hat weltweit einen einzigartigen Ruf. Die Mischung aus engen Pr\u00fcfungen in den Mosel-Weinbergen, harten Pisten auf dem Truppen\u00fcbungsplatz Baumholder sowie schnellen Asphalt-Stra\u00dfen stellen die Teams und Fahrer vor gro\u00dfe Herausforderungen. Hier sind K\u00f6nnen und Vielseitigkeit gefragt. St\u00e4ndige Abwechslung, hochklassige Action und gro\u00dfe Fan-N\u00e4he machen den deutschen Weltmeisterschaftslauf auch bei den Zuschauern so beliebt. Jahr f\u00fcr Jahr lockt die Gro\u00dfveranstaltung ein begeistertes Publikum aus ganz Europa an, das der ADAC Rallye Deutschland zudem ein spezielles internationales Flair verleiht. <\/p>\n","protected":false},"excerpt":{"rendered":"<div class=\"tmnf_excerpt\"><p>Die FIA Rallye-Weltmeisterschaft 2016 ist gestartet: Am vergangenen Wochenende ging es f\u00fcr die WRC-Stars bei der ber\u00fchmten Rallye Monte Carlo um die ersten Punkte. Nach einem spannenden Kampf in den franz\u00f6sischen Seealpen startet Titelverteidiger S\u00e9bastien Ogier im Volkswagen Polo R WRC mit seinem insgesamt dritten Monte-Sieg in die neue Saison.<\/p>\n<\/div>","protected":false},"author":1,"featured_media":147515,"comment_status":"closed","ping_status":"closed","sticky":false,"template":"","format":"standard","meta":{"footnotes":""},"categories":[1,46],"tags":[],"class_list":["post-147406","post","type-post","status-publish","format-standard","has-post-thumbnail","hentry","category-startseite","category-sport"],"_links":{"self":[{"href":"https:\/\/www.fuldaernachrichten.de\/index.php?rest_route=\/wp\/v2\/posts\/147406","targetHints":{"allow":["GET"]}}],"collection":[{"href":"https:\/\/www.fuldaernachrichten.de\/index.php?rest_route=\/wp\/v2\/posts"}],"about":[{"href":"https:\/\/www.fuldaernachrichten.de\/index.php?rest_route=\/wp\/v2\/types\/post"}],"author":[{"embeddable":true,"href":"https:\/\/www.fuldaernachrichten.de\/index.php?rest_route=\/wp\/v2\/users\/1"}],"replies":[{"embeddable":true,"href":"https:\/\/www.fuldaernachrichten.de\/index.php?rest_route=%2Fwp%2Fv2%2Fcomments&post=147406"}],"version-history":[{"count":1,"href":"https:\/\/www.fuldaernachrichten.de\/index.php?rest_route=\/wp\/v2\/posts\/147406\/revisions"}],"predecessor-version":[{"id":147407,"href":"https:\/\/www.fuldaernachrichten.de\/index.php?rest_route=\/wp\/v2\/posts\/147406\/revisions\/147407"}],"wp:featuredmedia":[{"embeddable":true,"href":"https:\/\/www.fuldaernachrichten.de\/index.php?rest_route=\/wp\/v2\/media\/147515"}],"wp:attachment":[{"href":"https:\/\/www.fuldaernachrichten.de\/index.php?rest_route=%2Fwp%2Fv2%2Fmedia&parent=147406"}],"wp:term":[{"taxonomy":"category","embeddable":true,"href":"https:\/\/www.fuldaernachrichten.de\/index.php?rest_route=%2Fwp%2Fv2%2Fcategories&post=147406"},{"taxonomy":"post_tag","embeddable":true,"href":"https:\/\/www.fuldaernachrichten.de\/index.php?rest_route=%2Fwp%2Fv2%2Ftags&post=147406"}],"curies":[{"name":"wp","href":"https:\/\/api.w.org\/{rel}","templated":true}]}}