{"id":147401,"date":"2016-01-25T15:25:16","date_gmt":"2016-01-25T14:25:16","guid":{"rendered":"http:\/\/www.fuldaer-nachrichten.de\/?p=147401"},"modified":"2016-01-25T15:25:16","modified_gmt":"2016-01-25T14:25:16","slug":"dav-sektion-fulda-veranstaltet-zweites-klettern-mit-handicap-%e2%80%a8gipfelglueck-in-der-vertikalen","status":"publish","type":"post","link":"https:\/\/www.fuldaernachrichten.de\/?p=147401","title":{"rendered":"DAV Sektion Fulda veranstaltet zweites \u201eKlettern mit Handicap\u201c \u00e2\u20ac\u00a8\u201eGipfelgl\u00fcck\u201c in der Vertikalen"},"content":{"rendered":"<p>Die DAV Sektion Fulda veranstaltete am 20. Januar im Kletterzentrum Fulda in Petersberg ein zweites Schnupperklettern f\u00fcr Menschen mit Handicap. Nun geht das Angebot in einen regelm\u00e4\u00dfigen, monatlichen Kletternachtmittag f\u00fcr Menschen mit Behinderung \u00fcber.<\/p>\n<p>Leuchtende Augen &#8211; egal wohin man am 20. Januar im Kletterzentrum Fulda in Petersberg blickte, sah man in begeisterte Gesichter und h\u00f6rte freudiges Lachen. Denn beim zweiten Schnupperklettern f\u00fcr Menschen mit Handicap der DAV Sektion Fulda hatten die mehr als zehn Teilnehmer sowie ihre Begleitungen sichtlich Freude an und unterhalb der Wand. Die Kinder, Jugendlichen und Erwachsenen mit unterschiedlichen Handicaps machten ihre ersten Erfahrungen in der Vertikalen und waren gleich vom Kletterfieber angesteckt. Teilweise kaum zu bremsen ging es geschickt nach oben und danach gen\u00fcsslich beim Abseilen wieder nach unten auf die weiche Matte. Immer an der Seite der Kletterneulinge: die erfahrenen Kletterbetreuer von der DAV Sektion Fulda. \u201eEs ist toll zu sehen, mit welchem Elan alle ans Klettern gehen. Man hat das Gef\u00fchl, da werden v\u00f6llig neue Energien freigesetzt\u201c, beschreibt Matthias Schwob, Jugendleiter der DAV Sektion Fulda.<\/p>\n<p>Gemeinsam mit Stefan Hartung, ebenfalls von der DAV Sektion Fulda, hat er dieses spezielle Sportangebot f\u00fcr Menschen mit Handicap ins Leben gerufen. Und nach der durchweg positiven Resonanz der Teilnehmer und Interessenten nach den ersten beiden Schnupper-Terminen geht die Veranstaltung nun in Serie: 1x im Monat bietet die DAV Sektion Fulda ab Februar das Klettern mit Handicap an. Die n\u00e4chsten beiden Termine stehen bereits fest: Mittwoch, 17. Februar, und Mittwoch, 16. M\u00e4rz, jeweils von 18-.20 Uhr.<\/p>\n","protected":false},"excerpt":{"rendered":"<div class=\"tmnf_excerpt\"><p>Die DAV Sektion Fulda veranstaltete am 20. Januar im Kletterzentrum Fulda in Petersberg ein zweites Schnupperklettern f\u00fcr Menschen mit Handicap. Nun geht das Angebot in einen regelm\u00e4\u00dfigen, monatlichen Kletternachtmittag f\u00fcr Menschen mit Behinderung \u00fcber. Leuchtende Augen &#8211; egal wohin man am 20. Januar im Kletterzentrum Fulda in Petersberg blickte, sah man in begeisterte Gesichter und &hellip;<\/p>\n<\/div>","protected":false},"author":1,"featured_media":147418,"comment_status":"closed","ping_status":"closed","sticky":false,"template":"","format":"standard","meta":{"footnotes":""},"categories":[46],"tags":[],"class_list":["post-147401","post","type-post","status-publish","format-standard","has-post-thumbnail","hentry","category-sport"],"_links":{"self":[{"href":"https:\/\/www.fuldaernachrichten.de\/index.php?rest_route=\/wp\/v2\/posts\/147401","targetHints":{"allow":["GET"]}}],"collection":[{"href":"https:\/\/www.fuldaernachrichten.de\/index.php?rest_route=\/wp\/v2\/posts"}],"about":[{"href":"https:\/\/www.fuldaernachrichten.de\/index.php?rest_route=\/wp\/v2\/types\/post"}],"author":[{"embeddable":true,"href":"https:\/\/www.fuldaernachrichten.de\/index.php?rest_route=\/wp\/v2\/users\/1"}],"replies":[{"embeddable":true,"href":"https:\/\/www.fuldaernachrichten.de\/index.php?rest_route=%2Fwp%2Fv2%2Fcomments&post=147401"}],"version-history":[{"count":1,"href":"https:\/\/www.fuldaernachrichten.de\/index.php?rest_route=\/wp\/v2\/posts\/147401\/revisions"}],"predecessor-version":[{"id":147419,"href":"https:\/\/www.fuldaernachrichten.de\/index.php?rest_route=\/wp\/v2\/posts\/147401\/revisions\/147419"}],"wp:featuredmedia":[{"embeddable":true,"href":"https:\/\/www.fuldaernachrichten.de\/index.php?rest_route=\/wp\/v2\/media\/147418"}],"wp:attachment":[{"href":"https:\/\/www.fuldaernachrichten.de\/index.php?rest_route=%2Fwp%2Fv2%2Fmedia&parent=147401"}],"wp:term":[{"taxonomy":"category","embeddable":true,"href":"https:\/\/www.fuldaernachrichten.de\/index.php?rest_route=%2Fwp%2Fv2%2Fcategories&post=147401"},{"taxonomy":"post_tag","embeddable":true,"href":"https:\/\/www.fuldaernachrichten.de\/index.php?rest_route=%2Fwp%2Fv2%2Ftags&post=147401"}],"curies":[{"name":"wp","href":"https:\/\/api.w.org\/{rel}","templated":true}]}}