{"id":147392,"date":"2016-01-25T09:59:43","date_gmt":"2016-01-25T08:59:43","guid":{"rendered":"http:\/\/www.fuldaer-nachrichten.de\/?p=147392"},"modified":"2016-01-25T09:59:43","modified_gmt":"2016-01-25T08:59:43","slug":"schwedisch-fuer-anfaenger","status":"publish","type":"post","link":"https:\/\/www.fuldaernachrichten.de\/?p=147392","title":{"rendered":"Schwedisch f\u00fcr Anf\u00e4nger"},"content":{"rendered":"<p>Ein Schwedisch-Kurs der Volkshochschule des Landkreises Fulda ist geeignet f\u00fcr Interessenten, die geringe Sprachkenntnisse in dieser Fremdsprache haben. Der Kurs beginnt am Mittwoch, 10. Februar, um 18.30 Uhr in der Grundschule Eichenzell. Anmeldung unter Kursnummer VM4200731 bei der VHS des Landkreises www.vhs-fulda.de oder telefonisch im B\u00fcrgerservice (0661)6006-1600.<\/p>\n","protected":false},"excerpt":{"rendered":"<div class=\"tmnf_excerpt\"><p>Ein Schwedisch-Kurs der Volkshochschule des Landkreises Fulda ist geeignet f\u00fcr Interessenten, die geringe Sprachkenntnisse in dieser Fremdsprache haben. Der Kurs beginnt am Mittwoch, 10. Februar, um 18.30 Uhr in der Grundschule Eichenzell. Anmeldung unter Kursnummer VM4200731 bei der VHS des Landkreises www.vhs-fulda.de oder telefonisch im B\u00fcrgerservice (0661)6006-1600.<\/p>\n<\/div>","protected":false},"author":1,"featured_media":0,"comment_status":"closed","ping_status":"closed","sticky":false,"template":"","format":"standard","meta":{"footnotes":""},"categories":[1],"tags":[],"class_list":["post-147392","post","type-post","status-publish","format-standard","hentry","category-startseite"],"_links":{"self":[{"href":"https:\/\/www.fuldaernachrichten.de\/index.php?rest_route=\/wp\/v2\/posts\/147392","targetHints":{"allow":["GET"]}}],"collection":[{"href":"https:\/\/www.fuldaernachrichten.de\/index.php?rest_route=\/wp\/v2\/posts"}],"about":[{"href":"https:\/\/www.fuldaernachrichten.de\/index.php?rest_route=\/wp\/v2\/types\/post"}],"author":[{"embeddable":true,"href":"https:\/\/www.fuldaernachrichten.de\/index.php?rest_route=\/wp\/v2\/users\/1"}],"replies":[{"embeddable":true,"href":"https:\/\/www.fuldaernachrichten.de\/index.php?rest_route=%2Fwp%2Fv2%2Fcomments&post=147392"}],"version-history":[{"count":1,"href":"https:\/\/www.fuldaernachrichten.de\/index.php?rest_route=\/wp\/v2\/posts\/147392\/revisions"}],"predecessor-version":[{"id":147402,"href":"https:\/\/www.fuldaernachrichten.de\/index.php?rest_route=\/wp\/v2\/posts\/147392\/revisions\/147402"}],"wp:attachment":[{"href":"https:\/\/www.fuldaernachrichten.de\/index.php?rest_route=%2Fwp%2Fv2%2Fmedia&parent=147392"}],"wp:term":[{"taxonomy":"category","embeddable":true,"href":"https:\/\/www.fuldaernachrichten.de\/index.php?rest_route=%2Fwp%2Fv2%2Fcategories&post=147392"},{"taxonomy":"post_tag","embeddable":true,"href":"https:\/\/www.fuldaernachrichten.de\/index.php?rest_route=%2Fwp%2Fv2%2Ftags&post=147392"}],"curies":[{"name":"wp","href":"https:\/\/api.w.org\/{rel}","templated":true}]}}