{"id":147382,"date":"2016-01-23T10:24:25","date_gmt":"2016-01-23T09:24:25","guid":{"rendered":"http:\/\/www.fuldaer-nachrichten.de\/?p=147382"},"modified":"2016-01-23T10:24:25","modified_gmt":"2016-01-23T09:24:25","slug":"wechsel-im-sprecheramt-der-liga-fulda-2","status":"publish","type":"post","link":"https:\/\/www.fuldaernachrichten.de\/?p=147382","title":{"rendered":"Wechsel im Sprecheramt der \u201eLIGA Fulda\u201c"},"content":{"rendered":"<p>Routinem\u00e4\u00dfig und nach der Gesch\u00e4ftsordnung wechselt das Sprecheramt in der LIGA Fulda alle zwei Jahre. Die beteiligten Wohlfahrtsverb\u00e4nde verst\u00e4ndigten sich f\u00fcr die Jahre 2016 und 2017 in einer ihren letzten Sitzungen auf den Wirtschaftlichen Leiter des AWO Kreisverbands Fulda e.V., Herrn Wolfram Latsch. Die seit 1993 bestehende \u201eLiga der Freien Wohlfahrtspflege in Stadt und Landkreis Fulda&#8221; ist als Gremium und Koordinationsstelle f\u00fcr sozialpolitische Aufgaben in der Stadt und Region Fulda eine etablierte Institution. Es besteht aus 11 Personen, die von den sechs Spitzenverb\u00e4nden der Freien Wohlfahrtspflege (Caritas, Diakonie, PARIT\u00c4T, Arbeiterwohlfahrt, Deutsches Rotes Kreuz, J\u00fcdische Gemeinde) als Vertreter entsandt werden.<\/p>\n<p>Die Liga repr\u00e4sentiert Einrichtungen und Institutionen in Fulda, die die Interessen von Menschen mit Beeintr\u00e4chtigungen vertreten &#8211; z.B. von Menschen mit Behinderungen, chronischen Krankheiten, seelischen Problemen, Gebrechlichkeit, Suchtmittelabh\u00e4ngigkeiten oder die in Armut leben. Mit Vortrags- und Podiumsveranstaltungen und der j\u00e4hrlichen Aktion Grundgesetz tr\u00e4gt die LIGA Fulda soziale Anliegen in die Fuldaer \u00d6ffentlichkeit und setzt sich bei den Entscheidungstr\u00e4gern in Politik und Verwaltung f\u00fcr gute L\u00f6sungen ein.<\/p>\n<p>In den vergangenen zwei Jahren wurde das Amt von Herrn Stefan Burkard, Gesch\u00e4ftsf\u00fchrer der Tanner Diakonie, gef\u00fchrt, der in zahlreichen Aktionen, Gespr\u00e4chen und Aktivit\u00e4ten die LIGA vertreten hat. Schwerpunkt seiner Arbeit in den vergangenen Jahren war zum einen das Thema Wohnungsnot in Fulda, gerade f\u00fcr Menschen mit Beeintr\u00e4chtigungen.\u00c2\u00a0 In verschiedenen Gespr\u00e4chen mit der Verwaltung, den Fraktionen von Stadt und Landkreis und politischen Akteuren in Fulda wurden die Anliegen vorgetragen. Ein weiterer Schwerpunkt in 2015 war die Durchf\u00fchrung von \u00f6ffentlichkeitswirksamen Veranstaltungen im Rahmen des europ\u00e4ischen Protesttags f\u00fcr die Gleichstellung von Menschen mit Behinderungen zu dem Thema \u201eSprache ohne Barrieren\u201c.<\/p>\n<p>Als neuer Sprecher der LIGA Fulda fungiert nun Wolfram Latsch, einer der beiden Vertreter der Arbeiterwohlfahrt. Sein Stellvertreter ist Christian Reuter vom Caritasverband f\u00fcr die Regionen Fulda und Geisa e.V.<\/p>\n","protected":false},"excerpt":{"rendered":"<div class=\"tmnf_excerpt\"><p>Routinem\u00e4\u00dfig und nach der Gesch\u00e4ftsordnung wechselt das Sprecheramt in der LIGA Fulda alle zwei Jahre. Die beteiligten Wohlfahrtsverb\u00e4nde verst\u00e4ndigten sich f\u00fcr die Jahre 2016 und 2017 in einer ihren letzten Sitzungen auf den Wirtschaftlichen Leiter des AWO Kreisverbands Fulda e.V., Herrn Wolfram Latsch. Die seit 1993 bestehende \u201eLiga der Freien Wohlfahrtspflege in Stadt und Landkreis &hellip;<\/p>\n<\/div>","protected":false},"author":1,"featured_media":147386,"comment_status":"closed","ping_status":"closed","sticky":false,"template":"","format":"standard","meta":{"footnotes":""},"categories":[1],"tags":[],"class_list":["post-147382","post","type-post","status-publish","format-standard","has-post-thumbnail","hentry","category-startseite"],"_links":{"self":[{"href":"https:\/\/www.fuldaernachrichten.de\/index.php?rest_route=\/wp\/v2\/posts\/147382","targetHints":{"allow":["GET"]}}],"collection":[{"href":"https:\/\/www.fuldaernachrichten.de\/index.php?rest_route=\/wp\/v2\/posts"}],"about":[{"href":"https:\/\/www.fuldaernachrichten.de\/index.php?rest_route=\/wp\/v2\/types\/post"}],"author":[{"embeddable":true,"href":"https:\/\/www.fuldaernachrichten.de\/index.php?rest_route=\/wp\/v2\/users\/1"}],"replies":[{"embeddable":true,"href":"https:\/\/www.fuldaernachrichten.de\/index.php?rest_route=%2Fwp%2Fv2%2Fcomments&post=147382"}],"version-history":[{"count":1,"href":"https:\/\/www.fuldaernachrichten.de\/index.php?rest_route=\/wp\/v2\/posts\/147382\/revisions"}],"predecessor-version":[{"id":147387,"href":"https:\/\/www.fuldaernachrichten.de\/index.php?rest_route=\/wp\/v2\/posts\/147382\/revisions\/147387"}],"wp:featuredmedia":[{"embeddable":true,"href":"https:\/\/www.fuldaernachrichten.de\/index.php?rest_route=\/wp\/v2\/media\/147386"}],"wp:attachment":[{"href":"https:\/\/www.fuldaernachrichten.de\/index.php?rest_route=%2Fwp%2Fv2%2Fmedia&parent=147382"}],"wp:term":[{"taxonomy":"category","embeddable":true,"href":"https:\/\/www.fuldaernachrichten.de\/index.php?rest_route=%2Fwp%2Fv2%2Fcategories&post=147382"},{"taxonomy":"post_tag","embeddable":true,"href":"https:\/\/www.fuldaernachrichten.de\/index.php?rest_route=%2Fwp%2Fv2%2Ftags&post=147382"}],"curies":[{"name":"wp","href":"https:\/\/api.w.org\/{rel}","templated":true}]}}