{"id":147378,"date":"2016-01-23T10:23:44","date_gmt":"2016-01-23T09:23:44","guid":{"rendered":"http:\/\/www.fuldaer-nachrichten.de\/?p=147378"},"modified":"2016-01-23T10:23:44","modified_gmt":"2016-01-23T09:23:44","slug":"iban-die-schreckliche-alles-halb-so-wild-ab-1-februar-ist-die-europaweite-konto-%e2%80%a8nummer-auch-fuer-privatkunden-zwingend","status":"publish","type":"post","link":"https:\/\/www.fuldaernachrichten.de\/?p=147378","title":{"rendered":"IBAN, die Schreckliche? \u201eAlles halb so wild\u201c   Ab 1. Februar ist die europaweite Konto-\u00e2\u20ac\u00a8nummer auch f\u00fcr Privatkunden zwingend"},"content":{"rendered":"<p>Der Countdown l\u00e4uft. Ab 1. Febraur 2016 hat die alte, kurze Kontonummer endg\u00fcltig ausgedient. Was f\u00fcr Unternehmen und Vereine schon seit zwei Jahren gilt, m\u00fcssen dann auch Privatkunden beachten. Sie d\u00fcrfen bei \u00dcberweisungen nur noch die \u00e2\u20ac\u00a822-stellige IBAN verwenden. Zahlungsauftr\u00e4ge mit den alten Kontonummern k\u00f6nnen Banken und Sparkassen nicht mehr ausf\u00fchren. Das gilt auch f\u00fcr \u00dcberweisungen innerhalb Deutschlands.<\/p>\n<p>Die Menschen in Osthessen scheinen gut vorbereitet zu sein. \u201eAuf 95 von 100 papierhaften \u00dcberweisungen steht schon jetzt die IBAN\u201c, berichtet Karlo Alich, bei der Sparkasse Fulda\u00c2\u00a0 unter anderem verantwortlich f\u00fcr den Zahlungsverkehr. Nur wenige Kunden arbeiten also bis zum letztm\u00f6glichenTag mit der alten Kontonummer und der alten Bankleitzahl.<\/p>\n<p>Gr\u00f6\u00dfere Komplikationen sieht Alich nach dem 1. Februar nicht auf die Sparkasse zukommen. \u201eSelbst \u00e4ltere Menschen finden das inzwischen halb so wild.\u201c Tats\u00e4chlich l\u00e4sst sich das 22-stellige Zahlenunget\u00fcm zumindest f\u00fcrs eigene Konto leicht herleiten. Neu merken m\u00fcssen sich die Kunden hinter dem DE (f\u00fcr Deutschland) eigentlich nur die beiden Pr\u00fcfziffern an der dritten und vierten Stelle. Dahinter kommt zun\u00e4chst die gewohnte Bankleitzahl. Dann folgt die alte Kontonummer, die mit vorangestellten Nullen auf zehn Stellen erg\u00e4nzt wird. Und fertig ist die eigene IBAN.<\/p>\n<p>Der IBAN-Rechner der Sparkasse hilft dabei, aus der alten Kontoverbindung eines Zahlungsempf\u00e4ngers dessen neue IBAN zu errechnen. Er ist unter www.sparkasse-fulda.de hinterlegt. Wem es zu m\u00fchsam ist, bei wiederholten Zahlungen an einen Em-pf\u00e4nger immer wieder 22 Stellen einzugeben, der nutzt am besten die SparkassenApp. Sie kramt w\u00e4hrend der Eingabe des \u00dcberweisungsauftrags in ihrem elektonischen Ged\u00e4chtnis und schl\u00e4gt die vollst\u00e4ndige IBAN eines schon mal adressierten Empf\u00e4ngers vor. Komfort bieten dar\u00fcber hinaus auch das Online Banking der Sparkasse oder die Kundenserviceterminals in den Filialen. Dort ist es m\u00f6glich, Vorlagen f\u00fcr wiederkehrende Zahlungsauftr\u00e4ge zu speichern. Damit reduziert sich der Erfassungsaufwand f\u00fcr die IBAN auf ein einziges Mal.<\/p>\n","protected":false},"excerpt":{"rendered":"<div class=\"tmnf_excerpt\"><p>Der Countdown l\u00e4uft. Ab 1. Febraur 2016 hat die alte, kurze Kontonummer endg\u00fcltig ausgedient. Was f\u00fcr Unternehmen und Vereine schon seit zwei Jahren gilt, m\u00fcssen dann auch Privatkunden beachten. Sie d\u00fcrfen bei \u00dcberweisungen nur noch die \u00e2\u20ac\u00a822-stellige IBAN verwenden. Zahlungsauftr\u00e4ge mit den alten Kontonummern k\u00f6nnen Banken und Sparkassen nicht mehr ausf\u00fchren. Das gilt auch f\u00fcr &hellip;<\/p>\n<\/div>","protected":false},"author":1,"featured_media":0,"comment_status":"closed","ping_status":"closed","sticky":false,"template":"","format":"standard","meta":{"footnotes":""},"categories":[1],"tags":[],"class_list":["post-147378","post","type-post","status-publish","format-standard","hentry","category-startseite"],"_links":{"self":[{"href":"https:\/\/www.fuldaernachrichten.de\/index.php?rest_route=\/wp\/v2\/posts\/147378","targetHints":{"allow":["GET"]}}],"collection":[{"href":"https:\/\/www.fuldaernachrichten.de\/index.php?rest_route=\/wp\/v2\/posts"}],"about":[{"href":"https:\/\/www.fuldaernachrichten.de\/index.php?rest_route=\/wp\/v2\/types\/post"}],"author":[{"embeddable":true,"href":"https:\/\/www.fuldaernachrichten.de\/index.php?rest_route=\/wp\/v2\/users\/1"}],"replies":[{"embeddable":true,"href":"https:\/\/www.fuldaernachrichten.de\/index.php?rest_route=%2Fwp%2Fv2%2Fcomments&post=147378"}],"version-history":[{"count":1,"href":"https:\/\/www.fuldaernachrichten.de\/index.php?rest_route=\/wp\/v2\/posts\/147378\/revisions"}],"predecessor-version":[{"id":147381,"href":"https:\/\/www.fuldaernachrichten.de\/index.php?rest_route=\/wp\/v2\/posts\/147378\/revisions\/147381"}],"wp:attachment":[{"href":"https:\/\/www.fuldaernachrichten.de\/index.php?rest_route=%2Fwp%2Fv2%2Fmedia&parent=147378"}],"wp:term":[{"taxonomy":"category","embeddable":true,"href":"https:\/\/www.fuldaernachrichten.de\/index.php?rest_route=%2Fwp%2Fv2%2Fcategories&post=147378"},{"taxonomy":"post_tag","embeddable":true,"href":"https:\/\/www.fuldaernachrichten.de\/index.php?rest_route=%2Fwp%2Fv2%2Ftags&post=147378"}],"curies":[{"name":"wp","href":"https:\/\/api.w.org\/{rel}","templated":true}]}}