{"id":147370,"date":"2016-01-23T10:21:02","date_gmt":"2016-01-23T09:21:02","guid":{"rendered":"http:\/\/www.fuldaer-nachrichten.de\/?p=147370"},"modified":"2016-01-23T10:21:02","modified_gmt":"2016-01-23T09:21:02","slug":"land-hessen-foerdert-auch-2016-barrierefreies-wohnen-mit-zwei-millionen-euro","status":"publish","type":"post","link":"https:\/\/www.fuldaernachrichten.de\/?p=147370","title":{"rendered":"Land Hessen f\u00f6rdert auch 2016 barrierefreies Wohnen mit zwei Millionen Euro"},"content":{"rendered":"<p>Wohnungsbauministerin Hinz: \u201eDie erste Tranche wurde den Landkreisen und St\u00e4dten zugewiesen und kann ab sofort abgerufen werden.\u201c<\/p>\n<p>\u201eF\u00fcr Menschen mit Behinderungen und auch ihre Familien ist es wichtig, ein m\u00f6glichst selbstbestimmtes und selbstst\u00e4ndiges Leben f\u00fchren zu k\u00f6nnen. Dazu geh\u00f6rt auch eine barrierefreie Wohnung. Doch sind die Kosten f\u00fcr die Beseitigung baulicher Hindernisse hoch: Darum unterst\u00fctzen wir auch in diesem Jahr den Umbau von Wohnungen mit insgesamt zwei Millionen Euro\u201c, teilte Wohnungsbauministerin Priska Hinz heute in Wiesbaden mit. Das Geld wird in zwei Tranchen an die Wohnungsf\u00f6rderstellen in den Landkreisen und St\u00e4dten weitergegeben. Dort k\u00f6nnen auch die Antr\u00e4ge gestellt werden.<\/p>\n<p>Die H\u00f6he der Mittel, die den Kreisen und St\u00e4dten zugewiesen wird, h\u00e4ngt von der Einwohnerzahl und der Anzahl der Antr\u00e4ge in den vergangenen f\u00fcnf Jahren ab. Die erste Tranche \u00fcber eine Million Euro wurde den Wohnungsf\u00f6rderstellen nun weitergegeben und kann ab sofort abgerufen werden. Das Geld unterst\u00fctzt die Betroffenen in Form eines Zuschusses, der bis zu 50 Prozent der Kosten tragen kann. Pro Wohnung betr\u00e4gt der Zuschuss maximal 12.500 Euro. \u201eWir k\u00f6nnen den Menschen mit Beeintr\u00e4chtigungen und ihren Familien mit diesem Zuschuss helfen, in ihrer vertrauten Umgebung zu bleiben\u201c, so die Ministerin.<\/p>\n<p>Bau von Rampen und Fahrst\u00fchlen<\/p>\n<p>\u201eViele Wohnungen sind nicht barrierefrei. Dies beginnt auf dem Weg zur Wohnung, vor dem Haus und im Haus selbst, wenn Stufen und Schwellen ein selbst\u00e4ndiges Leben erschweren oder sogar unm\u00f6glich machen. Mit den Landesmitteln k\u00f6nnen diese Barrieren beseitigt werden\u201c, so die Ministerin. Das Land f\u00f6rdert unter anderem den Bau von Rampen, die Beseitigung von Schwellen, den Einbau von Treppenliften und Fahrst\u00fchlen und den Bau behindertengerechter B\u00e4der und K\u00fcchen. \u201eHierdurch wird Menschen mit Behinderungen die M\u00f6glichkeit gegeben, trotz ihrer k\u00f6rperlichen Einschr\u00e4nkung selbstst\u00e4ndig den Alltag zu meistern und am gesellschaftlichen Leben aktiv teilhaben zu k\u00f6nnen\u201c, betonte die Ministerin.<\/p>\n","protected":false},"excerpt":{"rendered":"<div class=\"tmnf_excerpt\"><p>Wohnungsbauministerin Hinz: \u201eDie erste Tranche wurde den Landkreisen und St\u00e4dten zugewiesen und kann ab sofort abgerufen werden.\u201c \u201eF\u00fcr Menschen mit Behinderungen und auch ihre Familien ist es wichtig, ein m\u00f6glichst selbstbestimmtes und selbstst\u00e4ndiges Leben f\u00fchren zu k\u00f6nnen. Dazu geh\u00f6rt auch eine barrierefreie Wohnung. Doch sind die Kosten f\u00fcr die Beseitigung baulicher Hindernisse hoch: Darum unterst\u00fctzen &hellip;<\/p>\n<\/div>","protected":false},"author":1,"featured_media":0,"comment_status":"closed","ping_status":"closed","sticky":false,"template":"","format":"standard","meta":{"footnotes":""},"categories":[1],"tags":[],"class_list":["post-147370","post","type-post","status-publish","format-standard","hentry","category-startseite"],"_links":{"self":[{"href":"https:\/\/www.fuldaernachrichten.de\/index.php?rest_route=\/wp\/v2\/posts\/147370","targetHints":{"allow":["GET"]}}],"collection":[{"href":"https:\/\/www.fuldaernachrichten.de\/index.php?rest_route=\/wp\/v2\/posts"}],"about":[{"href":"https:\/\/www.fuldaernachrichten.de\/index.php?rest_route=\/wp\/v2\/types\/post"}],"author":[{"embeddable":true,"href":"https:\/\/www.fuldaernachrichten.de\/index.php?rest_route=\/wp\/v2\/users\/1"}],"replies":[{"embeddable":true,"href":"https:\/\/www.fuldaernachrichten.de\/index.php?rest_route=%2Fwp%2Fv2%2Fcomments&post=147370"}],"version-history":[{"count":1,"href":"https:\/\/www.fuldaernachrichten.de\/index.php?rest_route=\/wp\/v2\/posts\/147370\/revisions"}],"predecessor-version":[{"id":147373,"href":"https:\/\/www.fuldaernachrichten.de\/index.php?rest_route=\/wp\/v2\/posts\/147370\/revisions\/147373"}],"wp:attachment":[{"href":"https:\/\/www.fuldaernachrichten.de\/index.php?rest_route=%2Fwp%2Fv2%2Fmedia&parent=147370"}],"wp:term":[{"taxonomy":"category","embeddable":true,"href":"https:\/\/www.fuldaernachrichten.de\/index.php?rest_route=%2Fwp%2Fv2%2Fcategories&post=147370"},{"taxonomy":"post_tag","embeddable":true,"href":"https:\/\/www.fuldaernachrichten.de\/index.php?rest_route=%2Fwp%2Fv2%2Ftags&post=147370"}],"curies":[{"name":"wp","href":"https:\/\/api.w.org\/{rel}","templated":true}]}}