{"id":147368,"date":"2016-01-23T10:20:47","date_gmt":"2016-01-23T09:20:47","guid":{"rendered":"http:\/\/www.fuldaer-nachrichten.de\/?p=147368"},"modified":"2016-01-23T10:20:47","modified_gmt":"2016-01-23T09:20:47","slug":"neue-angebote-fuer-senioren-im-muetterzentrum-die-muetze","status":"publish","type":"post","link":"https:\/\/www.fuldaernachrichten.de\/?p=147368","title":{"rendered":"Neue Angebote f\u00fcr Senioren im M\u00fctterzentrum \u201eDie M\u00dcTZE\u201c"},"content":{"rendered":"<p>Das M\u00fctterzentrum \u201eDie M\u00dcTZE\u201c, Gallasiniring 8, in Fulda bietet speziell f\u00fcr Senioren neue Kursangebote an. So findet einmal im Monat mittwochs nachmittags ein Offener Treff 60+ .<br \/>\nBei Kaffee und Kuchen besteht die M\u00f6glichkeit, sich kennenzulernen, miteinander ins Gespr\u00e4ch zu kommen und Erfahrungen auszutauschen. Zus\u00e4tzliche Treffen f\u00fcr Unternehmungen sind nicht ausgeschlossen \u2013 n\u00e4chstes Treffen ist Mittwoch, 17.02.16 um 15.30 Uhr. Ebenso findet donnerstags nachmittags ein Handarbeitstreff statt, hier k\u00f6nnen alle Interessierten vorbeikommen, die gerne stricken, h\u00e4keln oder sticken. Auch meditatives Malen wird an 2 Nachmittagen angeboten. Au\u00dferdem bietet das M\u00fctterzentrum spezielle Computerkurse f\u00fcr Senioren an, wie z. B. ein Internetkurs 50+, PC-Grundlagen 50+, ein Smartphone-Kurs oder Fotogrundlagen 50+.<\/p>\n<p>Der Internetkurs beginnt ebenfalls bereits am 17.02.16 in der Zeit von 9.00 \u2013 11.00 Uhr.<br \/>\nIn diesem Kurs erhalten die Teilnehmer alle wichtigen Informationen \u00fcber das Internet, z. B. wie sie mit dem \u201eBrowser\u201c umgehen, im Netz sicher \u201esurfen\u201c und sich vor externer Schadsoftware sch\u00fctzen. Ebenso erfahren die Teilnehmer, welche M\u00f6glichkeiten ihnen das Internet bietet, wie sie wo an Informationen gelangen, wie sie e-mails schreiben k\u00f6nnen und vieles mehr. Zu den PC-Kursen ist eine Anmeldung eine Woche vorher erforderlich.<\/p>\n<p>N\u00e4here Informationen zum Angebot unter Tel. 0661\/8050, Mo. \u2013 Fr. in der Zeit von 9.00 \u2013 12.30 Uhr oder im Internet unter www.muetze-fulda.de.<\/p>\n","protected":false},"excerpt":{"rendered":"<div class=\"tmnf_excerpt\"><p>Das M\u00fctterzentrum \u201eDie M\u00dcTZE\u201c, Gallasiniring 8, in Fulda bietet speziell f\u00fcr Senioren neue Kursangebote an. So findet einmal im Monat mittwochs nachmittags ein Offener Treff 60+ . Bei Kaffee und Kuchen besteht die M\u00f6glichkeit, sich kennenzulernen, miteinander ins Gespr\u00e4ch zu kommen und Erfahrungen auszutauschen. Zus\u00e4tzliche Treffen f\u00fcr Unternehmungen sind nicht ausgeschlossen \u2013 n\u00e4chstes Treffen ist &hellip;<\/p>\n<\/div>","protected":false},"author":1,"featured_media":0,"comment_status":"closed","ping_status":"closed","sticky":false,"template":"","format":"standard","meta":{"footnotes":""},"categories":[1],"tags":[],"class_list":["post-147368","post","type-post","status-publish","format-standard","hentry","category-startseite"],"_links":{"self":[{"href":"https:\/\/www.fuldaernachrichten.de\/index.php?rest_route=\/wp\/v2\/posts\/147368","targetHints":{"allow":["GET"]}}],"collection":[{"href":"https:\/\/www.fuldaernachrichten.de\/index.php?rest_route=\/wp\/v2\/posts"}],"about":[{"href":"https:\/\/www.fuldaernachrichten.de\/index.php?rest_route=\/wp\/v2\/types\/post"}],"author":[{"embeddable":true,"href":"https:\/\/www.fuldaernachrichten.de\/index.php?rest_route=\/wp\/v2\/users\/1"}],"replies":[{"embeddable":true,"href":"https:\/\/www.fuldaernachrichten.de\/index.php?rest_route=%2Fwp%2Fv2%2Fcomments&post=147368"}],"version-history":[{"count":1,"href":"https:\/\/www.fuldaernachrichten.de\/index.php?rest_route=\/wp\/v2\/posts\/147368\/revisions"}],"predecessor-version":[{"id":147371,"href":"https:\/\/www.fuldaernachrichten.de\/index.php?rest_route=\/wp\/v2\/posts\/147368\/revisions\/147371"}],"wp:attachment":[{"href":"https:\/\/www.fuldaernachrichten.de\/index.php?rest_route=%2Fwp%2Fv2%2Fmedia&parent=147368"}],"wp:term":[{"taxonomy":"category","embeddable":true,"href":"https:\/\/www.fuldaernachrichten.de\/index.php?rest_route=%2Fwp%2Fv2%2Fcategories&post=147368"},{"taxonomy":"post_tag","embeddable":true,"href":"https:\/\/www.fuldaernachrichten.de\/index.php?rest_route=%2Fwp%2Fv2%2Ftags&post=147368"}],"curies":[{"name":"wp","href":"https:\/\/api.w.org\/{rel}","templated":true}]}}