{"id":147362,"date":"2016-01-23T10:19:42","date_gmt":"2016-01-23T09:19:42","guid":{"rendered":"http:\/\/www.fuldaer-nachrichten.de\/?p=147362"},"modified":"2016-01-23T10:19:42","modified_gmt":"2016-01-23T09:19:42","slug":"400-000-euro-fuer-neuen-sanierungsabschnitt-im-schloss-fasanerie","status":"publish","type":"post","link":"https:\/\/www.fuldaernachrichten.de\/?p=147362","title":{"rendered":"400.000 Euro f\u00fcr neuen Sanierungsabschnitt im Schloss Fasanerie"},"content":{"rendered":"<p>Kunst- und Kulturminister Boris Rhein hat heute einen F\u00f6rderbescheid der Landesregierung \u00fcber 400.000 Euro f\u00fcr das Schloss Fasanerie in Eichenzell \u00fcberreicht. Das Geld ist f\u00fcr die umfangreiche Sanierung der Anlage bestimmt.<\/p>\n<p>Sch\u00f6nstes Barockschloss Hessens<\/p>\n<p>Kunst- und Kulturminister Boris Rhein: \u201eSchloss Fasanerie gilt zu Recht als sch\u00f6nstes Barockschloss Hessens. Mit den 400.000 Euro der hessischen Landesregierung und weiteren 400.000 Euro vom Bund kann die Kulturstiftung des Hauses Hessen notwendige Arbeiten an diesem einzigartigen Denkmal fortsetzen.\u201c<\/p>\n<p>Bisher rund 2,6 Millionen vom Land<\/p>\n<p>Die Sanierung des Schlosses Fasanerie geht 2016 in die siebte Runde. Start der Arbeiten war im Jahr 2009. Seitdem haben sich die Denkmalpfleger nach und nach die Innenr\u00e4ume, Fassaden und D\u00e4cher des Saaltraktes, des Kurf\u00fcrsten \u2013 und D\u00e4nenfl\u00fcgels sowie die T\u00fcrme vorgenommen. Bis 2017 steht die Sanierung des n\u00f6rdlichen Ehrenhoffl\u00fcgels, Prinzenfl\u00fcgels und des Haupttreppenhauses mit Eingangs- und Vorhalle an.<\/p>\n<p>Land, Bund und die Kulturstiftung des Hauses Hessen als Bautr\u00e4ger tragen die Gesamtkosten des Bauabschnitts in H\u00f6he von 1,2 Millionen Euro zu je einem Drittel. Insgesamt hat das Land Hessen bisher rund 2,6 Millionen Euro f\u00fcr die komplette Sanierung des Schlosses bewilligt.<\/p>\n<p>Erstklassige Sammlung aus dem 18. und 19. Jahrhundert<\/p>\n<p>Die Urspr\u00fcnge des Schlosses Fasanerie gehen auf das Jahr 1735 zur\u00fcck. Seitdem haben es die hessischen Landgrafen immer weiter ausgebaut. Landgraf Phillip richtete ab 1951 ein Museum ein, das mittlerweile in rund 60 Schaur\u00e4umen eine erstklassige Sammlung von M\u00f6beln und Kunstwerken aus dem 18. und 19. Jahrhundert zeigt.<\/p>\n<p>\u201eDie Sanierung des prachtvollen Schlosses Fasanerie verdanken wir auch dem Engagement der Hessischen Hausstiftung. Es gibt in Deutschland nur wenige Vertreter ehemals regierender H\u00e4user, die so mit Leib und Seele f\u00fcr die Bewahrung des Kulturguts einstehen. Die Gelder der Landesregierung sind sehr gut investiert. Sie tragen dazu bei, die kulturelle Identit\u00e4t unseres Landes zu pflegen\u201c, so Kunst- und Kulturminister Boris Rhein abschlie\u00dfend.<\/p>\n","protected":false},"excerpt":{"rendered":"<div class=\"tmnf_excerpt\"><p>Kunst- und Kulturminister Boris Rhein hat heute einen F\u00f6rderbescheid der Landesregierung \u00fcber 400.000 Euro f\u00fcr das Schloss Fasanerie in Eichenzell \u00fcberreicht. Das Geld ist f\u00fcr die umfangreiche Sanierung der Anlage bestimmt. Sch\u00f6nstes Barockschloss Hessens Kunst- und Kulturminister Boris Rhein: \u201eSchloss Fasanerie gilt zu Recht als sch\u00f6nstes Barockschloss Hessens. Mit den 400.000 Euro der hessischen Landesregierung &hellip;<\/p>\n<\/div>","protected":false},"author":1,"featured_media":0,"comment_status":"closed","ping_status":"closed","sticky":false,"template":"","format":"standard","meta":{"footnotes":""},"categories":[1],"tags":[],"class_list":["post-147362","post","type-post","status-publish","format-standard","hentry","category-startseite"],"_links":{"self":[{"href":"https:\/\/www.fuldaernachrichten.de\/index.php?rest_route=\/wp\/v2\/posts\/147362","targetHints":{"allow":["GET"]}}],"collection":[{"href":"https:\/\/www.fuldaernachrichten.de\/index.php?rest_route=\/wp\/v2\/posts"}],"about":[{"href":"https:\/\/www.fuldaernachrichten.de\/index.php?rest_route=\/wp\/v2\/types\/post"}],"author":[{"embeddable":true,"href":"https:\/\/www.fuldaernachrichten.de\/index.php?rest_route=\/wp\/v2\/users\/1"}],"replies":[{"embeddable":true,"href":"https:\/\/www.fuldaernachrichten.de\/index.php?rest_route=%2Fwp%2Fv2%2Fcomments&post=147362"}],"version-history":[{"count":1,"href":"https:\/\/www.fuldaernachrichten.de\/index.php?rest_route=\/wp\/v2\/posts\/147362\/revisions"}],"predecessor-version":[{"id":147366,"href":"https:\/\/www.fuldaernachrichten.de\/index.php?rest_route=\/wp\/v2\/posts\/147362\/revisions\/147366"}],"wp:attachment":[{"href":"https:\/\/www.fuldaernachrichten.de\/index.php?rest_route=%2Fwp%2Fv2%2Fmedia&parent=147362"}],"wp:term":[{"taxonomy":"category","embeddable":true,"href":"https:\/\/www.fuldaernachrichten.de\/index.php?rest_route=%2Fwp%2Fv2%2Fcategories&post=147362"},{"taxonomy":"post_tag","embeddable":true,"href":"https:\/\/www.fuldaernachrichten.de\/index.php?rest_route=%2Fwp%2Fv2%2Ftags&post=147362"}],"curies":[{"name":"wp","href":"https:\/\/api.w.org\/{rel}","templated":true}]}}