{"id":147346,"date":"2016-01-21T20:13:15","date_gmt":"2016-01-21T19:13:15","guid":{"rendered":"http:\/\/www.fuldaer-nachrichten.de\/?p=147346"},"modified":"2016-01-21T20:13:15","modified_gmt":"2016-01-21T19:13:15","slug":"integrationsbuero-zentrale-anlaufstelle-fuer-fragen-zum-thema-fluechtlinge-und-arbeitsmarkt","status":"publish","type":"post","link":"https:\/\/www.fuldaernachrichten.de\/?p=147346","title":{"rendered":"Integrationsb\u00fcro: Zentrale Anlaufstelle f\u00fcr Fragen zum Thema Fl\u00fcchtlinge und Arbeitsmarkt"},"content":{"rendered":"<p>Das Kommunale Jobcenter KVA und die Agentur f\u00fcr Arbeit haben mit dem gemeinsamen Integrationsb\u00fcro in den R\u00e4umen des Jobcenters eine zentrale Anlaufstelle f\u00fcr alle Fragen zur Fl\u00fcchtlingsthematik im Zusammenhang mit dem Arbeitsmarkt ins Leben gerufen. \u201eWir m\u00fcssen die beiden Herausforderungen \u2013 Fl\u00fcchtlinge und die Frage der Fachkr\u00e4ftesicherung \u2013 zusammenbringen und auch zusammen l\u00f6sen\u201c, sagte Landrat Manfred G\u00f6rig zum Start des Integrationsb\u00fcros, \u201edas gemeinsame B\u00fcro ist die richtige Antwort, die wir hier geben\u201c. Diese Anlaufstelle sei besonders wichtig f\u00fcr Unternehmer, die Fl\u00fcchtlingen eine Chance auf einen Arbeitsplatz geben wollten und dazu noch viele offene Fragen h\u00e4tten.<\/p>\n<p>F\u00fcr Ren\u00e9 Lippert (Kommunales Jobcenter KVA) und Armin M\u00fcller (Agentur f\u00fcr Arbeit Lauterbach) ist das gemeinsame Integrationsb\u00fcro ein klarer Pluspunkt f\u00fcr alle Beteiligten: Die zahlreichen Teilnehmer an Deutschkursen \u00fcber das Bundesamt f\u00fcr Migration und Fl\u00fcchtlinge k\u00f6nnen zeitgleich vermittlerisch betreut und beraten werden, dar\u00fcber hinaus werden Kontakte zu anderen Institutionen, zu Ehrenamtlichen wie auch zu Arbeitgebern vor Ort gekn\u00fcpft. \u201eDie vermeintliche Konkurrenz von Arbeitsagentur und Jobcenter ist hier nicht vorhanden\u201c, hob Armin M\u00fcller hervor, \u201eganz im Gegenteil gibt es hier einen klaren Zusammenhalt und ein kollegiales Miteinander f\u00fcr den Vogelsbergkreis und zugunsten unserer hiesigen Arbeitgeber.\u201c<\/p>\n<p>Schon rund 600 Fl\u00fcchtlinge aus dem Vogelsbergkreis sind im vergangenen Jahr in Einstiegskurse bei der Agentur f\u00fcr Arbeit gem\u00fcndet. \u201eDamit ist der Kreis Spitzenreiter in unserem Agenturbezirk\u201c, best\u00e4tigte der stellvertretende Leiter Bj\u00f6rn Krienke. Jetzt gehe es darum, auch weiterhin Deutschkursangebote vorzuhalten und wo n\u00f6tig zus\u00e4tzliche Dolmetscherdienste zu erm\u00f6glichen.<\/p>\n<p>Beate Remagen (Agentur f\u00fcr Arbeit) und Michael Richter (Jobcenter KVA) wollen Ratsuchenden Hilfestellung geben und passende Ansprechpartner benennen. Wo kann und darf ich arbeiten? Welche Unterst\u00fctzungsm\u00f6glichkeiten oder Deutschkurse gibt es? Diese und mehr Fragen k\u00f6nnten arbeitssuchende Fl\u00fcchtlinge stellen, \u00fcber deren Asylantrag noch nicht entschieden wurde. Und f\u00fcr die Arbeitgeber geht es um die Kl\u00e4rung rechtlicher Belange und um Fragen nach m\u00f6glicher Arbeitserprobung, Qualifizierung oder Praktikum.<\/p>\n<p>Kontakt: Integrationsb\u00fcro, Bahnhofstra\u00dfe 49, Lauterbach, Telefon 06641\/ 977-4019, IB@vogelsbergkreis.de (dienstags 8:30 \u2013 12:00 Uhr).<\/p>\n<p>BU: Start des gemeinsamen Integrationsb\u00fcros: Michael Richter (Kommunales Jobcenter KVA) und Beate Remagen (Agentur f\u00fcr Arbeit, beide sitzend) sind ab sofort zentrale Anlaufstelle f\u00fcr alle Fragen zu Fl\u00fcchtlingsthematik und Arbeitsmarkt im Vogelsbergkreis. Stehend, von links: Dirk Gringel und Ren\u00e9 Lippert (Verantwortliche im Kommunalen Jobcenter), Landrat Manfred G\u00f6rig, Bj\u00f6rn Krienke (stellv. Leiter der Agentur f\u00fcr Arbeit Gie\u00dfen), Sebastian Kleist (Bereichsleiter der Agentur f\u00fcr Arbeit Gie\u00dfen) und Armin M\u00fcller (Leiter der Agentur f\u00fcr Arbeit Lauterbach) freuen sich \u00fcber das Gemeinschaftsprojekt. Foto: Gaby Richter, Pressestelle Vogelsbergkreis.<\/p>\n","protected":false},"excerpt":{"rendered":"<div class=\"tmnf_excerpt\"><p>Das Kommunale Jobcenter KVA und die Agentur f\u00fcr Arbeit haben mit dem gemeinsamen Integrationsb\u00fcro in den R\u00e4umen des Jobcenters eine zentrale Anlaufstelle f\u00fcr alle Fragen zur Fl\u00fcchtlingsthematik im Zusammenhang mit dem Arbeitsmarkt ins Leben gerufen. \u201eWir m\u00fcssen die beiden Herausforderungen \u2013 Fl\u00fcchtlinge und die Frage der Fachkr\u00e4ftesicherung \u2013 zusammenbringen und auch zusammen l\u00f6sen\u201c, sagte Landrat &hellip;<\/p>\n<\/div>","protected":false},"author":1,"featured_media":147351,"comment_status":"closed","ping_status":"closed","sticky":false,"template":"","format":"standard","meta":{"footnotes":""},"categories":[1],"tags":[],"class_list":["post-147346","post","type-post","status-publish","format-standard","has-post-thumbnail","hentry","category-startseite"],"_links":{"self":[{"href":"https:\/\/www.fuldaernachrichten.de\/index.php?rest_route=\/wp\/v2\/posts\/147346","targetHints":{"allow":["GET"]}}],"collection":[{"href":"https:\/\/www.fuldaernachrichten.de\/index.php?rest_route=\/wp\/v2\/posts"}],"about":[{"href":"https:\/\/www.fuldaernachrichten.de\/index.php?rest_route=\/wp\/v2\/types\/post"}],"author":[{"embeddable":true,"href":"https:\/\/www.fuldaernachrichten.de\/index.php?rest_route=\/wp\/v2\/users\/1"}],"replies":[{"embeddable":true,"href":"https:\/\/www.fuldaernachrichten.de\/index.php?rest_route=%2Fwp%2Fv2%2Fcomments&post=147346"}],"version-history":[{"count":1,"href":"https:\/\/www.fuldaernachrichten.de\/index.php?rest_route=\/wp\/v2\/posts\/147346\/revisions"}],"predecessor-version":[{"id":147352,"href":"https:\/\/www.fuldaernachrichten.de\/index.php?rest_route=\/wp\/v2\/posts\/147346\/revisions\/147352"}],"wp:featuredmedia":[{"embeddable":true,"href":"https:\/\/www.fuldaernachrichten.de\/index.php?rest_route=\/wp\/v2\/media\/147351"}],"wp:attachment":[{"href":"https:\/\/www.fuldaernachrichten.de\/index.php?rest_route=%2Fwp%2Fv2%2Fmedia&parent=147346"}],"wp:term":[{"taxonomy":"category","embeddable":true,"href":"https:\/\/www.fuldaernachrichten.de\/index.php?rest_route=%2Fwp%2Fv2%2Fcategories&post=147346"},{"taxonomy":"post_tag","embeddable":true,"href":"https:\/\/www.fuldaernachrichten.de\/index.php?rest_route=%2Fwp%2Fv2%2Ftags&post=147346"}],"curies":[{"name":"wp","href":"https:\/\/api.w.org\/{rel}","templated":true}]}}