{"id":147341,"date":"2016-01-21T20:12:05","date_gmt":"2016-01-21T19:12:05","guid":{"rendered":"http:\/\/www.fuldaer-nachrichten.de\/?p=147341"},"modified":"2016-01-21T20:12:05","modified_gmt":"2016-01-21T19:12:05","slug":"landratsamt-sucht-weiterhin-unterkuenfte-fuer-zugewiesene-auslaendische-fluechtlinge","status":"publish","type":"post","link":"https:\/\/www.fuldaernachrichten.de\/?p=147341","title":{"rendered":"Landratsamt sucht weiterhin Unterk\u00fcnfte f\u00fcr zugewiesene ausl\u00e4ndische Fl\u00fcchtlinge"},"content":{"rendered":"<p>Der Vogelsbergkreis sucht weiterhin f\u00fcr zugewiesene ausl\u00e4ndische Fl\u00fcchtlinge Unterk\u00fcnfte. In Frage kommen gr\u00f6\u00dfere Geb\u00e4ude, die als Gemeinschaftsunterkunft genutzt werden k\u00f6nnen oder auch Wohnungen.<\/p>\n<p>Interessierte k\u00f6nnen sich auf der Homepage des Vogelsbergkreises unter www.vogelsbergkreis.de &#8211; Ausschreibungen \u2013 VOL\/A (f\u00fcr Wohnungen und Gemeinschaftsunterk\u00fcnfte) \u00fcber die Kriterien und Anforderungen an die Ausstattung und die Infrastruktur des Standortes informieren und ihr Interesse an einer Vermietung bekunden.<\/p>\n<p>Sollte die Liegenschaft als\u00c2\u00a0 Wohnung an den Vogelsbergkreis vermietet werden, sind weitere Informationen bei: www.vogelsbergkreis.de\u00c2\u00a0 \/ Kreisverwaltung (Politik und \u00c4mter)\u00c2\u00a0 \/\u00c2\u00a0 Satzungen des Vogelsbergkreises\u00c2\u00a0 \/\u00c2\u00a0 Satzung zu den Unterkunftskosten zu finden.<br \/>\nInteressierte, die nicht \u00fcber einen Internetzugang verf\u00fcgen, k\u00f6nnen die vollst\u00e4ndige Bekanntmachung bei der Submissionsstelle, Frau Naujock, Hersfelder Stra\u00dfe 57, 36304 Alsfeld, Tel. 06631 792808 anfordern.<\/p>\n<p>Bewerbungen sind vorerst bis zum 31. Dezember 2016 m\u00f6glich.<\/p>\n","protected":false},"excerpt":{"rendered":"<div class=\"tmnf_excerpt\"><p>Der Vogelsbergkreis sucht weiterhin f\u00fcr zugewiesene ausl\u00e4ndische Fl\u00fcchtlinge Unterk\u00fcnfte. In Frage kommen gr\u00f6\u00dfere Geb\u00e4ude, die als Gemeinschaftsunterkunft genutzt werden k\u00f6nnen oder auch Wohnungen. Interessierte k\u00f6nnen sich auf der Homepage des Vogelsbergkreises unter www.vogelsbergkreis.de &#8211; Ausschreibungen \u2013 VOL\/A (f\u00fcr Wohnungen und Gemeinschaftsunterk\u00fcnfte) \u00fcber die Kriterien und Anforderungen an die Ausstattung und die Infrastruktur des Standortes informieren &hellip;<\/p>\n<\/div>","protected":false},"author":1,"featured_media":0,"comment_status":"closed","ping_status":"closed","sticky":false,"template":"","format":"standard","meta":{"footnotes":""},"categories":[1],"tags":[],"class_list":["post-147341","post","type-post","status-publish","format-standard","hentry","category-startseite"],"_links":{"self":[{"href":"https:\/\/www.fuldaernachrichten.de\/index.php?rest_route=\/wp\/v2\/posts\/147341","targetHints":{"allow":["GET"]}}],"collection":[{"href":"https:\/\/www.fuldaernachrichten.de\/index.php?rest_route=\/wp\/v2\/posts"}],"about":[{"href":"https:\/\/www.fuldaernachrichten.de\/index.php?rest_route=\/wp\/v2\/types\/post"}],"author":[{"embeddable":true,"href":"https:\/\/www.fuldaernachrichten.de\/index.php?rest_route=\/wp\/v2\/users\/1"}],"replies":[{"embeddable":true,"href":"https:\/\/www.fuldaernachrichten.de\/index.php?rest_route=%2Fwp%2Fv2%2Fcomments&post=147341"}],"version-history":[{"count":1,"href":"https:\/\/www.fuldaernachrichten.de\/index.php?rest_route=\/wp\/v2\/posts\/147341\/revisions"}],"predecessor-version":[{"id":147348,"href":"https:\/\/www.fuldaernachrichten.de\/index.php?rest_route=\/wp\/v2\/posts\/147341\/revisions\/147348"}],"wp:attachment":[{"href":"https:\/\/www.fuldaernachrichten.de\/index.php?rest_route=%2Fwp%2Fv2%2Fmedia&parent=147341"}],"wp:term":[{"taxonomy":"category","embeddable":true,"href":"https:\/\/www.fuldaernachrichten.de\/index.php?rest_route=%2Fwp%2Fv2%2Fcategories&post=147341"},{"taxonomy":"post_tag","embeddable":true,"href":"https:\/\/www.fuldaernachrichten.de\/index.php?rest_route=%2Fwp%2Fv2%2Ftags&post=147341"}],"curies":[{"name":"wp","href":"https:\/\/api.w.org\/{rel}","templated":true}]}}