{"id":147337,"date":"2016-01-21T20:10:33","date_gmt":"2016-01-21T19:10:33","guid":{"rendered":"http:\/\/www.fuldaer-nachrichten.de\/?p=147337"},"modified":"2016-01-21T20:10:33","modified_gmt":"2016-01-21T19:10:33","slug":"rock-pop-u-finest-blues-zu-gunsten-des-kinderhortes-poppenhausen","status":"publish","type":"post","link":"https:\/\/www.fuldaernachrichten.de\/?p=147337","title":{"rendered":"Rock-Pop u. finest Blues zu Gunsten des Kinderhortes Poppenhausen"},"content":{"rendered":"<p>Nach 2 Jahren war es mal wieder soweit, die Blues, Rock und Pop-Band `full flavour\u00c2\u00b4 setzte ihre Initiative der Benefiz-Konzerte um den Jahreswechsel fort. Im Saal Adler, heute Restaurant `Pane e Olio\u00c2\u00b4, gab die heimsiche Band `full flavour\u00c2\u00b4 `zwischen den Jahren\u00c2\u00b4zum dritten Mal ein Benefizkonzert. Dieses Mal zu Gunsten des Kinderhortes Poppenhausen im Von-Steinr\u00fcck-Haus, wo dem die Gemeinde Poppenhausen die Nachmittagsbetreuung f\u00fcr die Grundsch\u00fcler anbietet.<\/p>\n<p>P\u00fcnktlich um 21 Uhr betraten die Musiker die B\u00fchne im bis dahin bereits gut gef\u00fcllten Saal, um zahlreiche bekannte St\u00fccke und Klassiker wie `Call me the breeze (JJ Cale), Oh my love (Rea Garvey)\u00c2\u00b4 oder auch \u201eValerie (Amy Winehouse)\u201c zum Besten zu geben. Das Publikum bewegte sich ausgelassen zur Musik und hatte sichtlich reichlich Spa\u00df. Ganz still und aufmerksam wurde es, schlie\u00dflich, als die Akteure Steffen Auth, Mike Ryan und der neue Gitarrist und S\u00e4nger Alexander Hild den Klassiker von Elton John aus dem Jahre 1976 `Sorry seems to be the hardest word\u00e2\u20ac\u02dc performten.<\/p>\n<p>Nach Mitternacht konnte Bandleader Volker Kr\u00f6nung dem Poppenhausener B\u00fcrgermeister Manfred Helfrich das eingenommene Eintrittsgeld in H\u00f6he von 870,- Euro\u00c2\u00a0 \u00fcbergeben, der dieses auf 900,-\u00e2\u201a\u00ac aufstockte. Dieser Betrag soll verwendet werden, die R\u00e4ume des Kinderhortes mit einer Sonnenbeschattung auszustatten.<br \/>\nDer B\u00fcrgermeister dankte `full flavour\u00c2\u00b4 f\u00fcr die gro\u00dfz\u00fcgige Unterst\u00fctzung, die ein Beleg f\u00fcr die gelebte Solidarit\u00e4t sei.<\/p>\n<p>Der gemeinsame Dank geht an das Publikum, das mit seinem Besuch zum Erfolg dieser Benefiz-Veranstaltung beigetragen hat! Ein Lob geht an den Gastronom Vahed Kakahameh, der mit seinem Team die G\u00e4ste gut versorgte.<\/p>\n<p>Veranstalter und G\u00e4ste freuen sich \u00fcber die abermals gelungene soziale Initiative, die den Zusammenhalt in der Gemeinde f\u00fcr die gute Sache unterstreicht. &#8211; \u201eRock on!\u201c\u00c2\u00a0 www.full-flavour.net<\/p>\n<p>BU: Bei der Scheck\u00fcbergabe v.l.: B\u00fcrgermeister Manfred Helfrich, Band-Leader Volker Kr\u00f6nung u. Kathrin Hoffmann, die Leiterin vom Kinderhort zusammen mit den Hort-Kindern.<\/p>\n","protected":false},"excerpt":{"rendered":"<div class=\"tmnf_excerpt\"><p>Nach 2 Jahren war es mal wieder soweit, die Blues, Rock und Pop-Band `full flavour\u00c2\u00b4 setzte ihre Initiative der Benefiz-Konzerte um den Jahreswechsel fort. Im Saal Adler, heute Restaurant `Pane e Olio\u00c2\u00b4, gab die heimsiche Band `full flavour\u00c2\u00b4 `zwischen den Jahren\u00c2\u00b4zum dritten Mal ein Benefizkonzert. Dieses Mal zu Gunsten des Kinderhortes Poppenhausen im Von-Steinr\u00fcck-Haus, wo &hellip;<\/p>\n<\/div>","protected":false},"author":1,"featured_media":147338,"comment_status":"closed","ping_status":"closed","sticky":false,"template":"","format":"standard","meta":{"footnotes":""},"categories":[1],"tags":[],"class_list":["post-147337","post","type-post","status-publish","format-standard","has-post-thumbnail","hentry","category-startseite"],"_links":{"self":[{"href":"https:\/\/www.fuldaernachrichten.de\/index.php?rest_route=\/wp\/v2\/posts\/147337","targetHints":{"allow":["GET"]}}],"collection":[{"href":"https:\/\/www.fuldaernachrichten.de\/index.php?rest_route=\/wp\/v2\/posts"}],"about":[{"href":"https:\/\/www.fuldaernachrichten.de\/index.php?rest_route=\/wp\/v2\/types\/post"}],"author":[{"embeddable":true,"href":"https:\/\/www.fuldaernachrichten.de\/index.php?rest_route=\/wp\/v2\/users\/1"}],"replies":[{"embeddable":true,"href":"https:\/\/www.fuldaernachrichten.de\/index.php?rest_route=%2Fwp%2Fv2%2Fcomments&post=147337"}],"version-history":[{"count":1,"href":"https:\/\/www.fuldaernachrichten.de\/index.php?rest_route=\/wp\/v2\/posts\/147337\/revisions"}],"predecessor-version":[{"id":147339,"href":"https:\/\/www.fuldaernachrichten.de\/index.php?rest_route=\/wp\/v2\/posts\/147337\/revisions\/147339"}],"wp:featuredmedia":[{"embeddable":true,"href":"https:\/\/www.fuldaernachrichten.de\/index.php?rest_route=\/wp\/v2\/media\/147338"}],"wp:attachment":[{"href":"https:\/\/www.fuldaernachrichten.de\/index.php?rest_route=%2Fwp%2Fv2%2Fmedia&parent=147337"}],"wp:term":[{"taxonomy":"category","embeddable":true,"href":"https:\/\/www.fuldaernachrichten.de\/index.php?rest_route=%2Fwp%2Fv2%2Fcategories&post=147337"},{"taxonomy":"post_tag","embeddable":true,"href":"https:\/\/www.fuldaernachrichten.de\/index.php?rest_route=%2Fwp%2Fv2%2Ftags&post=147337"}],"curies":[{"name":"wp","href":"https:\/\/api.w.org\/{rel}","templated":true}]}}