{"id":147329,"date":"2016-01-20T19:48:50","date_gmt":"2016-01-20T18:48:50","guid":{"rendered":"http:\/\/www.fuldaer-nachrichten.de\/?p=147329"},"modified":"2016-01-20T19:48:50","modified_gmt":"2016-01-20T18:48:50","slug":"ein-buch-fuer-alle-sternenpark-fans","status":"publish","type":"post","link":"https:\/\/www.fuldaernachrichten.de\/?p=147329","title":{"rendered":"Ein Buch f\u00fcr alle Sternenpark-Fans"},"content":{"rendered":"<p>\u201eSternenpark Rh\u00f6n. Warum der Schutz der Nacht Menschen und Natur so gut tut\u201c hei\u00dft ein Buch, das soeben in Parzellers Buchverlag Fulda erschienen ist. Jetzt wurde es offiziell vom Vorsitzenden der Regionalen Arbeitsgemeinschaft (ARGE) Rh\u00f6n und Landrat des Landkreises Bad Kissingen, Thomas Bold, im Beisein der beiden Autoren Dr. Mathias R. Schmidt und Sabine Frank vorgestellt.<br \/>\nDass die Rh\u00f6n zum \u201eInternationalen Sternenpark\u201c erhoben wurde, hat sich inzwischen weit \u00fcber die Region hinaus herumgesprochen. Doch was ist eigentlich ein Sternenpark? Was will man da auf welche Weise erreichen \u2013 und warum? Genau diese Fragen greift das Buch zum Sternenpark Rh\u00f6n auf und versteht sich damit\u00c2\u00a0 als Leitfaden f\u00fcr den Schutz der Nacht.<\/p>\n<p>Im Sommer 2014 habe die Rh\u00f6n von der International Dark Sky Association (IDA) den Titel \u201eSternenpark\u201c erhalten, sagte Thomas Bold. Das sei eine hohe Auszeichnung, da es weltweit nur neun solcher Dark Sky Reserves sowie einige weniger strenge Schutzgebiete gibt. Auch sei damit das in vieler Hinsicht als modellhaft geltende UNESCO-Biosph\u00e4renreservat Rh\u00f6n um eine Dimension reicher geworden. \u201eDie Ausweisung als Sternenpark ist f\u00fcr die Rh\u00f6n ein Alleinstellungsmerkmal mit gro\u00dfer Strahlkraft, was auch f\u00fcr den Tourismus einen wichtigen Vermarktungswert darstellt\u201c, meinte Bold. Das Buch sei laut R\u00fcckmeldung der IDA das Erste \u00fcberhaupt, das bislang \u00fcber einen Sternenpark als solches informiere und herausgegeben worden sei, betonte der ARGE-Vorsitzende. Aus vielen Perspektiven und mit gro\u00dfer \u00dcbersicht h\u00e4tten die beiden Autoren Dr. Mathias R. Schmidt und Sabine Frank das Thema \u201eSternenpark\u201c in ihrem Buch erl\u00e4utert. In acht Kapiteln werden die Geschichte des Sternenparks erz\u00e4hlt und die Auswirkungen von k\u00fcnstlichem Licht auf Mensch, Fauna und Flora beschrieben, Herausforderungen benannt und erl\u00e4utert, wie man zum Schutz der Nacht beitragen kann.<\/p>\n<p>Das Buch nehme den Leser mit auf eine inspirierende Zeitreise und berichte auch \u00fcber einen Planetoiden namens \u201eRh\u00f6n\u201c, von dem viele noch nie etwas geh\u00f6rt haben d\u00fcrften. Gut nachvollziehbar und mit zahlreichen Illustrationen und Fotos und diversen Selbstchecks geben die beiden Autoren einen fundierten \u00dcberblick \u00fcber die Player im Sternenpark Rh\u00f6n: die Gebietsk\u00f6rperschaften und Kommunen, die B\u00fcrger und Gewerbetreibenden und nicht zuletzt die regionalen Energieversorger. \u201eSie alle, jeder auf seine Weise, tragen zum Erfolg des Sternenparks bei, wenn sie in der Nacht k\u00fcnstliches Licht umweltgerecht einsetzen und damit die Lichtverschmutzung reduzieren\u201c, sagte Bold. Das Buch sei in Kooperation mit der ARGE Rh\u00f6n sowie dem UNESCO-Biosph\u00e4renreservat Rh\u00f6n entstanden und von der Stiftung der Sparkasse Fulda unterst\u00fctzt worden. Als wichtigen Multiplikator f\u00fcr den Sternenpark Rh\u00f6n hob er auch noch Sabine Frank hervor. Sie sei mit gro\u00dfem Engagement, Leidenschaft und Temperament als Sternenpark-Koordinatorin \u201emissionarisch\u201c in Sachen Sternenpark Rh\u00f6n unterwegs und begeistere immer mehr Menschen f\u00fcr dieses Thema.<\/p>\n<p>Dr. Mathias R. Schmidt stellte fest, dass es ohne den Antrag der Regionalen Arbeitsgemeinschaft Rh\u00f6n, die Rh\u00f6n als Sternenpark ausweisen zu lassen, bis heute keinen \u201eSternenpark Rh\u00f6n\u201c gebe.\u00c2\u00a0 Die Behebung des Problems der Lichtverschmutzung sei eine wichtige Angelegenheit, da sich die nat\u00fcrliche Dunkelheit positiv auf Mensch und Natur auswirke. \u201eWir wollen mit unserem Buch den Menschen die Augen \u00f6ffnen, dass es sich lohnt, sich f\u00fcr den Schutz der Nacht einzusetzen. Nur selten gibt es Umweltprobleme, die so einfach wie die Lichtverschmutzung in den Griff zu kriegen sind\u201c, sagte Dr.\u00c2\u00a0 Schmidt. \u201eAlles geht einfach und spart zudem noch Geld.\u201c<\/p>\n<p>Sabine Frank freute sich, dass der \u201eSternenpark Rh\u00f6n\u201c immer bekannter wird und immer mehr Resonanz in der \u00d6ffentlichkeit findet. Die Rh\u00f6n sei inzwischen zu einer Modellregion f\u00fcr nachhaltige Beleuchtung geworden. Sie selbst als Sternenpark-Koordinatorin bekomme immer mehr Anfragen aus anderen Bundesl\u00e4ndern mit der Bitte, Vortr\u00e4ge zum Thema \u201eSternenpark Rh\u00f6n\u201c zu halten. Mit dem Buch \u201eSternenpark Rh\u00f6n\u201c wolle sie mit Dr. Schmidt den Lesern die Bedeutung der Nacht f\u00fcr die Gesundheit und den Wert der Nacht f\u00fcr die Natur vermitteln. Des Weiteren beinhalte das gemeinsame Werk die Geschichte, wie die Rh\u00f6n zum Sternenpark wurde, was Kommunen, B\u00fcrger und Gewerbe zur Reduzierung der Lichtverschmutzung beitragen k\u00f6nnen, die Rolle der Energieversorger, die Schnittmengen mit dem UNESCO-Biosph\u00e4renreservat, eine astronomische Zeitreise unter dem Motto \u201eDer Mensch und die Sterne\u201c sowie eine Zwischenbilanz und einen Ausblick. \u201eWir hoffen, mit unserem Mitmachbuch weitere Menschen f\u00fcr das Thema Sternenpark begeistern und die Bewahrung der Nacht in der Rh\u00f6n mit ihrer nat\u00fcrlichen Nachtlandschaft und ihrem sternenreichen Himmel erhalten zu k\u00f6nnen.\u201c<\/p>\n<p>Bild: Im Beisein der beiden Autoren Dr. Mathias R. Schmidt und Sabine Frank stellte jetzt der Vorsitzende der Regionalen Arbeitsgemeinschaft (ARGE) Rh\u00f6n, Thomas Bold, das Buch \u201eSternenpark Rh\u00f6n. Warum der Schutz der Nacht Menschen und Natur so gut tut\u201c vor (von links).<\/p>\n","protected":false},"excerpt":{"rendered":"<div class=\"tmnf_excerpt\"><p>\u201eSternenpark Rh\u00f6n. Warum der Schutz der Nacht Menschen und Natur so gut tut\u201c hei\u00dft ein Buch, das soeben in Parzellers Buchverlag Fulda erschienen ist. Jetzt wurde es offiziell vom Vorsitzenden der Regionalen Arbeitsgemeinschaft (ARGE) Rh\u00f6n und Landrat des Landkreises Bad Kissingen, Thomas Bold, im Beisein der beiden Autoren Dr. Mathias R. Schmidt und Sabine Frank &hellip;<\/p>\n<\/div>","protected":false},"author":1,"featured_media":147332,"comment_status":"closed","ping_status":"closed","sticky":false,"template":"","format":"standard","meta":{"footnotes":""},"categories":[1],"tags":[],"class_list":["post-147329","post","type-post","status-publish","format-standard","has-post-thumbnail","hentry","category-startseite"],"_links":{"self":[{"href":"https:\/\/www.fuldaernachrichten.de\/index.php?rest_route=\/wp\/v2\/posts\/147329","targetHints":{"allow":["GET"]}}],"collection":[{"href":"https:\/\/www.fuldaernachrichten.de\/index.php?rest_route=\/wp\/v2\/posts"}],"about":[{"href":"https:\/\/www.fuldaernachrichten.de\/index.php?rest_route=\/wp\/v2\/types\/post"}],"author":[{"embeddable":true,"href":"https:\/\/www.fuldaernachrichten.de\/index.php?rest_route=\/wp\/v2\/users\/1"}],"replies":[{"embeddable":true,"href":"https:\/\/www.fuldaernachrichten.de\/index.php?rest_route=%2Fwp%2Fv2%2Fcomments&post=147329"}],"version-history":[{"count":1,"href":"https:\/\/www.fuldaernachrichten.de\/index.php?rest_route=\/wp\/v2\/posts\/147329\/revisions"}],"predecessor-version":[{"id":147333,"href":"https:\/\/www.fuldaernachrichten.de\/index.php?rest_route=\/wp\/v2\/posts\/147329\/revisions\/147333"}],"wp:featuredmedia":[{"embeddable":true,"href":"https:\/\/www.fuldaernachrichten.de\/index.php?rest_route=\/wp\/v2\/media\/147332"}],"wp:attachment":[{"href":"https:\/\/www.fuldaernachrichten.de\/index.php?rest_route=%2Fwp%2Fv2%2Fmedia&parent=147329"}],"wp:term":[{"taxonomy":"category","embeddable":true,"href":"https:\/\/www.fuldaernachrichten.de\/index.php?rest_route=%2Fwp%2Fv2%2Fcategories&post=147329"},{"taxonomy":"post_tag","embeddable":true,"href":"https:\/\/www.fuldaernachrichten.de\/index.php?rest_route=%2Fwp%2Fv2%2Ftags&post=147329"}],"curies":[{"name":"wp","href":"https:\/\/api.w.org\/{rel}","templated":true}]}}