{"id":147322,"date":"2016-01-20T19:46:32","date_gmt":"2016-01-20T18:46:32","guid":{"rendered":"http:\/\/www.fuldaer-nachrichten.de\/?p=147322"},"modified":"2016-01-20T19:46:32","modified_gmt":"2016-01-20T18:46:32","slug":"wandern-und-radfahren-im-fokus","status":"publish","type":"post","link":"https:\/\/www.fuldaernachrichten.de\/?p=147322","title":{"rendered":"Wandern und Radfahren im Fokus"},"content":{"rendered":"<p>Die Rh\u00f6n hat als Urlaubsregion f\u00fcr Aktiv-Touristen zahlreiche Aktionen zu bieten. Um diese bekannter zu machen waren Mitarbeiter der Rh\u00f6n Marketing am vergangenen Wochenende auf der CMT Stuttgart vertreten.<\/p>\n<p>An dem Themenwochenende \u201eRad &amp; Wandern\u201c steht alles unter dem Fokus des Aktivurlaubs. Gemeinsam mit weiteren deutschen Fernwanderwegen \u2013 den Top Trails of Germany &#8211; war die Rh\u00f6n in Stuttgart vor Ort.<\/p>\n<p>Auf gro\u00dfes Interesse sto\u00df der Premiumwanderweg DER HOCHRH\u00d6NER\u00c2\u00ae mit seinen zahlreichen Extratouren. Aufgrund der zentralen Lage in Deutschland und der abwechslungsreichen Landschaft im Biosph\u00e4renreservat Rh\u00f6n erregt dieser immer viel Aufmerksamkeit bei den Besuchern. Der Premiumwanderweg begeht in diesem Jahr sein 10. Jubil\u00e4um, welches mit einem Festakt im September in Frauenroth begangen wird.<\/p>\n<p>Der Schwerpunkt der Nachfrage waren aber die Rh\u00f6ner Radfernwege, die sich gr\u00f6\u00dfter Beliebtheit erfreuen und auch bestens bekannt sind. Hier sind besonders die Radwege mit einer L\u00e4nge von \u00fcber 250 Kilometern gefragt.<\/p>\n<p>Die CMT Stuttgart ist die weltweit gr\u00f6\u00dfte Besucher-Messe im Tourismus. Die G\u00e4ste k\u00f6nnen dort alles f\u00fcr ihren n\u00e4chsten Traumurlaub entdecken, sei dieser nun in der Stadt oder auf dem Land, aktiv oder entspannt, in Deutschland oder \u00fcber dessen Grenzen hinaus. Die Messe l\u00e4uft noch bis zum Sonntag, den 24. Januar 2016.<\/p>\n","protected":false},"excerpt":{"rendered":"<div class=\"tmnf_excerpt\"><p>Die Rh\u00f6n hat als Urlaubsregion f\u00fcr Aktiv-Touristen zahlreiche Aktionen zu bieten. Um diese bekannter zu machen waren Mitarbeiter der Rh\u00f6n Marketing am vergangenen Wochenende auf der CMT Stuttgart vertreten. An dem Themenwochenende \u201eRad &amp; Wandern\u201c steht alles unter dem Fokus des Aktivurlaubs. Gemeinsam mit weiteren deutschen Fernwanderwegen \u2013 den Top Trails of Germany &#8211; war &hellip;<\/p>\n<\/div>","protected":false},"author":1,"featured_media":147324,"comment_status":"closed","ping_status":"closed","sticky":false,"template":"","format":"standard","meta":{"footnotes":""},"categories":[1],"tags":[],"class_list":["post-147322","post","type-post","status-publish","format-standard","has-post-thumbnail","hentry","category-startseite"],"_links":{"self":[{"href":"https:\/\/www.fuldaernachrichten.de\/index.php?rest_route=\/wp\/v2\/posts\/147322","targetHints":{"allow":["GET"]}}],"collection":[{"href":"https:\/\/www.fuldaernachrichten.de\/index.php?rest_route=\/wp\/v2\/posts"}],"about":[{"href":"https:\/\/www.fuldaernachrichten.de\/index.php?rest_route=\/wp\/v2\/types\/post"}],"author":[{"embeddable":true,"href":"https:\/\/www.fuldaernachrichten.de\/index.php?rest_route=\/wp\/v2\/users\/1"}],"replies":[{"embeddable":true,"href":"https:\/\/www.fuldaernachrichten.de\/index.php?rest_route=%2Fwp%2Fv2%2Fcomments&post=147322"}],"version-history":[{"count":1,"href":"https:\/\/www.fuldaernachrichten.de\/index.php?rest_route=\/wp\/v2\/posts\/147322\/revisions"}],"predecessor-version":[{"id":147326,"href":"https:\/\/www.fuldaernachrichten.de\/index.php?rest_route=\/wp\/v2\/posts\/147322\/revisions\/147326"}],"wp:featuredmedia":[{"embeddable":true,"href":"https:\/\/www.fuldaernachrichten.de\/index.php?rest_route=\/wp\/v2\/media\/147324"}],"wp:attachment":[{"href":"https:\/\/www.fuldaernachrichten.de\/index.php?rest_route=%2Fwp%2Fv2%2Fmedia&parent=147322"}],"wp:term":[{"taxonomy":"category","embeddable":true,"href":"https:\/\/www.fuldaernachrichten.de\/index.php?rest_route=%2Fwp%2Fv2%2Fcategories&post=147322"},{"taxonomy":"post_tag","embeddable":true,"href":"https:\/\/www.fuldaernachrichten.de\/index.php?rest_route=%2Fwp%2Fv2%2Ftags&post=147322"}],"curies":[{"name":"wp","href":"https:\/\/api.w.org\/{rel}","templated":true}]}}