{"id":147317,"date":"2016-01-20T19:45:03","date_gmt":"2016-01-20T18:45:03","guid":{"rendered":"http:\/\/www.fuldaer-nachrichten.de\/?p=147317"},"modified":"2016-01-20T19:45:03","modified_gmt":"2016-01-20T18:45:03","slug":"schueler-aus-nord-und-osthessen-wollen-ins-hr-fernsehen","status":"publish","type":"post","link":"https:\/\/www.fuldaernachrichten.de\/?p=147317","title":{"rendered":"Sch\u00fcler aus Nord- und Osthessen wollen ins hr-fernsehen"},"content":{"rendered":"<p>Der hr-Videowettbewerb \u201eMeine Ausbildung \u2013 Du f\u00fchrst Regie\u201c ist erfolgreich zur mittlerweile achten Auflage gestartet: Insgesamt 62 hessische Schulen und Projekte aus der freien Jugendarbeit haben sich angemeldet, darunter auch zahlreiche Schulen und Projekte aus Nord- und Osthessen, etwa aus Kassel, Immenhausen, Melsungen, Felsberg, Witzenhausen, Rotenburg, Fulda und Gro\u00dfenl\u00fcder.<\/p>\n<p>Bis zum 13. April haben die Sch\u00fcler jetzt Zeit, einen maximal siebenmin\u00fctigen Film zum Thema Ausbildung zu drehen, der ihre Perspektive in den Vordergrund stellt, ihre Befindlichkeiten und \u00c4ngste, ihre Tr\u00e4ume und W\u00fcnsche zum Thema filmisch greifbar macht. Wie im Vorjahr werden die Preise nach Kategorien vergeben, pr\u00e4miert werden der beste Film, das beste Drehbuch, die beste schauspielerische Leistung, der beste Newcomer, zudem werden ein Preis f\u00fcr Innovation und ein Preis f\u00fcr Inklusion vergeben. Zun\u00e4chst w\u00e4hlt eine Jugendjury aus allen eingereichten Beitr\u00e4gen je Kategorie drei Filme aus. In einer zweiten Runde k\u00fcrt eine Fachjury aus diesen 18 Filmen den Gewinner der jeweiligen Kategorie. Verst\u00e4rkt wird die Fachjury auch in diesem Jahr wieder von Internetstar Kathrin Fricke alias Coldmirror. Die feierliche Preisverleihung, bei der es Geld- und Sachpreise von \u00fcber 15.000 Euro zu gewinnen gibt, findet am 14. Juni 2016 im Frankfurter Funkhaus am Dornbusch statt, au\u00dferdem werden alle 18 nominierten Filme im hr-fernsehen zu sehen sein. Ausf\u00fchrliche Informationen zum Wettbewerb finden sich unter meineausbildung.hr.de.<\/p>\n<p>Veranstaltet wird der Wettbewerb \u201eMeine Ausbildung\u201c vom Hessischen Rundfunk in Zusammenarbeit mit dem Hessischen Kultusministerium, dem Sparkassen- und Giroverband Hessen-Th\u00fcringen, der Arbeits-gemeinschaft der Hessischen Handwerkskammern, der Fraport AG, der DGB-Jugend Hessen-Th\u00fcringen, dem Landesarbeitskreis kommunaler Medienzentren in Hessen e. V., Provadis (Partner f\u00fcr Bildung und Beratung GmbH) sowie der cantus-Verkehrsgesellschaft mbH.<\/p>\n<p>Hinweis an die Redaktionen: Falls Sie Interesse haben, Schulen bzw. Jugendprojekte aus Ihrer Region bei den Dreharbeiten zu begleiten, kontaktieren Sie doch bitte direkt die hier genannten Projektleiter:<\/p>\n<p>Arnold-Bode-Schule, Kassel<br \/>\nKontakt: Anja Birkenfeld<br \/>\nTelefon: 0561 \/ 92047973<br \/>\nE-Mail: birkenfeld@absks.de<\/p>\n<p>Johann-Amos-Comenius-Schule, Kassel<br \/>\nKontakt: Barbara Gr\u00fcnig<br \/>\nTelefon: 0561 \/ 42029<br \/>\nE-Mail: poststelle@comenius.kassel.schulverwaltung.hessen.de<\/p>\n<p>Freiherr-vom-Stein-Schule, Immenhausen<br \/>\nKontakt: Hendrik Noll<br \/>\nTelefon: 05673 \/ 99810<br \/>\nE-Mail: poststelle@fvs.immenhausen.schulverwaltung.hessen.de<\/p>\n<p>Radko-St\u00f6ckl-Schule, Melsungen<br \/>\nKontakt: Rainer J\u00e4hn<br \/>\nTelefon: 05661 \/ 92500<br \/>\nE-Mail: rainer.jaehn@radko-stoeckl-schule.de<\/p>\n<p>Drei-Burgen-Schule, Felsberg<br \/>\nKontakt: Sandra B\u00fcrger<br \/>\nTelefon: 05662 \/ 3011<br \/>\nE-Mail: poststelle@gs.felsberg.schulverwaltung.hessen.de<\/p>\n<p>Berufliche Schulen des Werra-Mei\u00dfner-Kreises, Witzenhausen<br \/>\nKontakt: Lisa Gaubatz<br \/>\nTelefon: 05542 \/ 93670<br \/>\nE-Mail: poststelle.@bs.witzenhausen.schulverwaltung.hessen.de<\/p>\n<p>Jakob-Grimm-Schule, Rotenburg<br \/>\nKontakt: Karl-Heinz Riemenschneider<br \/>\nTelefon: 06623 \/ 8075<br \/>\nE-Mail: verwaltung@jgs-rof.de<\/p>\n<p>Geschwister-Scholl-Schule, Fulda<br \/>\nKontakt: Andreas Heidenreich<br \/>\nTelefon: 0661 \/ 63081<br \/>\nE-Mail: poststelle@geschwister-scholl-schule.fulda.schulverwaltung.hessen.de<\/p>\n<p>Rabanus-Maurus-Schule, Fulda<br \/>\nKontakt: Christoph R\u00f6der<br \/>\nTelefon: 0661 \/ 969050<br \/>\nE-Mail: poststelle@rms.fulda.schulverwaltung.hessen.de<\/p>\n<p>Friedrich-von-Bodelschwingh-Schule, Gro\u00dfenl\u00fcder<br \/>\nKontakt: Thomas Kohlmann<br \/>\nTelefon: 06648 \/ 629471<br \/>\nE-Mail: poststelle.8224@schule.landkreis-fulda.de<\/p>\n","protected":false},"excerpt":{"rendered":"<div class=\"tmnf_excerpt\"><p>Der hr-Videowettbewerb \u201eMeine Ausbildung \u2013 Du f\u00fchrst Regie\u201c ist erfolgreich zur mittlerweile achten Auflage gestartet: Insgesamt 62 hessische Schulen und Projekte aus der freien Jugendarbeit haben sich angemeldet, darunter auch zahlreiche Schulen und Projekte aus Nord- und Osthessen, etwa aus Kassel, Immenhausen, Melsungen, Felsberg, Witzenhausen, Rotenburg, Fulda und Gro\u00dfenl\u00fcder. Bis zum 13. April haben die &hellip;<\/p>\n<\/div>","protected":false},"author":1,"featured_media":0,"comment_status":"closed","ping_status":"closed","sticky":false,"template":"","format":"standard","meta":{"footnotes":""},"categories":[1],"tags":[],"class_list":["post-147317","post","type-post","status-publish","format-standard","hentry","category-startseite"],"_links":{"self":[{"href":"https:\/\/www.fuldaernachrichten.de\/index.php?rest_route=\/wp\/v2\/posts\/147317","targetHints":{"allow":["GET"]}}],"collection":[{"href":"https:\/\/www.fuldaernachrichten.de\/index.php?rest_route=\/wp\/v2\/posts"}],"about":[{"href":"https:\/\/www.fuldaernachrichten.de\/index.php?rest_route=\/wp\/v2\/types\/post"}],"author":[{"embeddable":true,"href":"https:\/\/www.fuldaernachrichten.de\/index.php?rest_route=\/wp\/v2\/users\/1"}],"replies":[{"embeddable":true,"href":"https:\/\/www.fuldaernachrichten.de\/index.php?rest_route=%2Fwp%2Fv2%2Fcomments&post=147317"}],"version-history":[{"count":1,"href":"https:\/\/www.fuldaernachrichten.de\/index.php?rest_route=\/wp\/v2\/posts\/147317\/revisions"}],"predecessor-version":[{"id":147321,"href":"https:\/\/www.fuldaernachrichten.de\/index.php?rest_route=\/wp\/v2\/posts\/147317\/revisions\/147321"}],"wp:attachment":[{"href":"https:\/\/www.fuldaernachrichten.de\/index.php?rest_route=%2Fwp%2Fv2%2Fmedia&parent=147317"}],"wp:term":[{"taxonomy":"category","embeddable":true,"href":"https:\/\/www.fuldaernachrichten.de\/index.php?rest_route=%2Fwp%2Fv2%2Fcategories&post=147317"},{"taxonomy":"post_tag","embeddable":true,"href":"https:\/\/www.fuldaernachrichten.de\/index.php?rest_route=%2Fwp%2Fv2%2Ftags&post=147317"}],"curies":[{"name":"wp","href":"https:\/\/api.w.org\/{rel}","templated":true}]}}