{"id":147314,"date":"2016-01-20T19:43:44","date_gmt":"2016-01-20T18:43:44","guid":{"rendered":"http:\/\/www.fuldaer-nachrichten.de\/?p=147314"},"modified":"2016-01-20T19:43:59","modified_gmt":"2016-01-20T18:43:59","slug":"owwerhessisch-kaffeekraenzi-mit-agnes-lott-am-01-februar-im-cafe-hexenstuebchen","status":"publish","type":"post","link":"https:\/\/www.fuldaernachrichten.de\/?p=147314","title":{"rendered":"OWWERHESSISCH KAFFEEKR\u00c4NZI mit Agnes Lott am 01. Februar im Caf\u00e9 Hexenst\u00fcbchen"},"content":{"rendered":"<p>In der Winterzeit gibt es im gem\u00fctlichen, urigen Cafe Hexenst\u00fcbchen eine heitere Kaffeerunde. Bei Kaffee, Tee und Kuchen erhalten Interessierte\u00c2\u00a0 einen Einblick in den oberhessichen Dialekt. Neben typischen Redewendungen, darf auch die ein oder andere Anekdote aus dem B\u00fcdinger Land nicht fehlen. Es wird ein froher kurzweiliger Nachmittag mit Lachgarantie.<\/p>\n<p>Karten gibt es im Vorverkauf bei der Tourist-Information B\u00fcdingen, Tel: 06042\/96370 oder mail@buedingen.info. Die Karten kosten 13,-\u00e2\u201a\u00ac pro Person, inklusive Kaffee bzw. Tee- und Kuchen und k\u00f6nnen bei der Tourist-Information bestellt werden. Marktplatz 9, T: 06042\/96370. Termine sind der 01.Februar und der 21. M\u00e4rz 2016 um 15 Uhr. Einlass im Hexenst\u00fcbchen ist ab 14.30 Uhr.<\/p>\n","protected":false},"excerpt":{"rendered":"<div class=\"tmnf_excerpt\"><p>In der Winterzeit gibt es im gem\u00fctlichen, urigen Cafe Hexenst\u00fcbchen eine heitere Kaffeerunde. Bei Kaffee, Tee und Kuchen erhalten Interessierte\u00c2\u00a0 einen Einblick in den oberhessichen Dialekt. Neben typischen Redewendungen, darf auch die ein oder andere Anekdote aus dem B\u00fcdinger Land nicht fehlen. Es wird ein froher kurzweiliger Nachmittag mit Lachgarantie. Karten gibt es im Vorverkauf &hellip;<\/p>\n<\/div>","protected":false},"author":1,"featured_media":147316,"comment_status":"closed","ping_status":"closed","sticky":false,"template":"","format":"standard","meta":{"footnotes":""},"categories":[1],"tags":[],"class_list":["post-147314","post","type-post","status-publish","format-standard","has-post-thumbnail","hentry","category-startseite"],"_links":{"self":[{"href":"https:\/\/www.fuldaernachrichten.de\/index.php?rest_route=\/wp\/v2\/posts\/147314","targetHints":{"allow":["GET"]}}],"collection":[{"href":"https:\/\/www.fuldaernachrichten.de\/index.php?rest_route=\/wp\/v2\/posts"}],"about":[{"href":"https:\/\/www.fuldaernachrichten.de\/index.php?rest_route=\/wp\/v2\/types\/post"}],"author":[{"embeddable":true,"href":"https:\/\/www.fuldaernachrichten.de\/index.php?rest_route=\/wp\/v2\/users\/1"}],"replies":[{"embeddable":true,"href":"https:\/\/www.fuldaernachrichten.de\/index.php?rest_route=%2Fwp%2Fv2%2Fcomments&post=147314"}],"version-history":[{"count":1,"href":"https:\/\/www.fuldaernachrichten.de\/index.php?rest_route=\/wp\/v2\/posts\/147314\/revisions"}],"predecessor-version":[{"id":147315,"href":"https:\/\/www.fuldaernachrichten.de\/index.php?rest_route=\/wp\/v2\/posts\/147314\/revisions\/147315"}],"wp:featuredmedia":[{"embeddable":true,"href":"https:\/\/www.fuldaernachrichten.de\/index.php?rest_route=\/wp\/v2\/media\/147316"}],"wp:attachment":[{"href":"https:\/\/www.fuldaernachrichten.de\/index.php?rest_route=%2Fwp%2Fv2%2Fmedia&parent=147314"}],"wp:term":[{"taxonomy":"category","embeddable":true,"href":"https:\/\/www.fuldaernachrichten.de\/index.php?rest_route=%2Fwp%2Fv2%2Fcategories&post=147314"},{"taxonomy":"post_tag","embeddable":true,"href":"https:\/\/www.fuldaernachrichten.de\/index.php?rest_route=%2Fwp%2Fv2%2Ftags&post=147314"}],"curies":[{"name":"wp","href":"https:\/\/api.w.org\/{rel}","templated":true}]}}