{"id":147310,"date":"2016-01-20T19:43:14","date_gmt":"2016-01-20T18:43:14","guid":{"rendered":"http:\/\/www.fuldaer-nachrichten.de\/?p=147310"},"modified":"2016-01-20T19:43:14","modified_gmt":"2016-01-20T18:43:14","slug":"bistum-fulda-bietet-wieder-bonifatiuswallfahrt-nach-dokkum-an","status":"publish","type":"post","link":"https:\/\/www.fuldaernachrichten.de\/?p=147310","title":{"rendered":"Bistum Fulda bietet wieder Bonifatiuswallfahrt nach Dokkum an"},"content":{"rendered":"<p>Vom 10. bis 13. Juni bietet das Bistum Fulda wieder eine Bonifatiuswallfahrt nach Dokkum in den Niederlanden an. Hier erlitt der heilige Bonifatius das Martyrium \u2013 Dokkum und Fulda sind durch den \u201eApostel der Deutschen\u201c eng miteinander verbunden. Der spirituelle H\u00f6hepunkt der Pilgerreise ist das Dokkumer Bonifatiusfest mit seinen Veranstaltungen am 11. und 12. Juni im historischen Stadtkern. Mit der Pfarrei Dokkum und anderen Bonifatiuspilgern wallt die Gruppe aus Fulda mit zum Prozessionspark und feiert mit Bischof Gerard de Korte (Groningen-Leeuwarden) die Eucharistie. Im Anschluss an den Gottesdienst besteht die Gelegenheit zur Begegnung mit niederl\u00e4ndischen bzw. friesischen Pilgern.<\/p>\n<p>Im Rahmen der Pilgerreise sind auch touristische Attraktionen vorgesehen. Auf der Hinreise wird der St.-Paulus-Dom in M\u00fcnster besucht. Auf dem R\u00fcckweg steht unter anderem die Besichtigung des von der Rh\u00f6ner K\u00fcnstlerin Agnes Mann geschaffenen Mosaiks \u201eLobgesang der drei J\u00fcnglinge im Feuerofen\u201c im Kreuzgang des Paderborner Doms auf dem Programm. Die Pilgergruppe wird im Hotel \u201eAbdij van Dokkum\u201c untergebracht. Die Reise im modernen Bus kostet inklusive drei \u00dcbernachtungen mit Fr\u00fchst\u00fccksbuffet sowie dreimal Dreig\u00e4ngemen\u00fc bzw. Buffet 319 Euro im Doppelzimmer (Einzelzimmerzuschlag 90 Euro). Die Reiseleitung haben Prof. Dieter und Veronika Wagner, die gerne f\u00fcr R\u00fcckfragen zur Verf\u00fcgung stehen (Tel. 0661\/35962, E-Mail: wagner.kuenzell@t-online.de). Anmeldungen werden bis zum 15. M\u00e4rz erbeten an das Referat Organisation, Bisch\u00f6fliches Generalvikariat, Paulustor 5, 36037 Fulda, Tel. 0661\/87-447, E-Mail: organisation@bistum-fulda.de.<\/p>\n","protected":false},"excerpt":{"rendered":"<div class=\"tmnf_excerpt\"><p>Vom 10. bis 13. Juni bietet das Bistum Fulda wieder eine Bonifatiuswallfahrt nach Dokkum in den Niederlanden an. Hier erlitt der heilige Bonifatius das Martyrium \u2013 Dokkum und Fulda sind durch den \u201eApostel der Deutschen\u201c eng miteinander verbunden. Der spirituelle H\u00f6hepunkt der Pilgerreise ist das Dokkumer Bonifatiusfest mit seinen Veranstaltungen am 11. und 12. Juni &hellip;<\/p>\n<\/div>","protected":false},"author":1,"featured_media":0,"comment_status":"closed","ping_status":"closed","sticky":false,"template":"","format":"standard","meta":{"footnotes":""},"categories":[50],"tags":[],"class_list":["post-147310","post","type-post","status-publish","format-standard","hentry","category-kirche"],"_links":{"self":[{"href":"https:\/\/www.fuldaernachrichten.de\/index.php?rest_route=\/wp\/v2\/posts\/147310","targetHints":{"allow":["GET"]}}],"collection":[{"href":"https:\/\/www.fuldaernachrichten.de\/index.php?rest_route=\/wp\/v2\/posts"}],"about":[{"href":"https:\/\/www.fuldaernachrichten.de\/index.php?rest_route=\/wp\/v2\/types\/post"}],"author":[{"embeddable":true,"href":"https:\/\/www.fuldaernachrichten.de\/index.php?rest_route=\/wp\/v2\/users\/1"}],"replies":[{"embeddable":true,"href":"https:\/\/www.fuldaernachrichten.de\/index.php?rest_route=%2Fwp%2Fv2%2Fcomments&post=147310"}],"version-history":[{"count":1,"href":"https:\/\/www.fuldaernachrichten.de\/index.php?rest_route=\/wp\/v2\/posts\/147310\/revisions"}],"predecessor-version":[{"id":147313,"href":"https:\/\/www.fuldaernachrichten.de\/index.php?rest_route=\/wp\/v2\/posts\/147310\/revisions\/147313"}],"wp:attachment":[{"href":"https:\/\/www.fuldaernachrichten.de\/index.php?rest_route=%2Fwp%2Fv2%2Fmedia&parent=147310"}],"wp:term":[{"taxonomy":"category","embeddable":true,"href":"https:\/\/www.fuldaernachrichten.de\/index.php?rest_route=%2Fwp%2Fv2%2Fcategories&post=147310"},{"taxonomy":"post_tag","embeddable":true,"href":"https:\/\/www.fuldaernachrichten.de\/index.php?rest_route=%2Fwp%2Fv2%2Ftags&post=147310"}],"curies":[{"name":"wp","href":"https:\/\/api.w.org\/{rel}","templated":true}]}}