{"id":147307,"date":"2016-01-20T19:42:18","date_gmt":"2016-01-20T18:42:18","guid":{"rendered":"http:\/\/www.fuldaer-nachrichten.de\/?p=147307"},"modified":"2016-01-20T19:42:18","modified_gmt":"2016-01-20T18:42:18","slug":"offenes-klassenzimmer-hoehere-berufsfachschule-fuer-sozialassistenz-loheland-2","status":"publish","type":"post","link":"https:\/\/www.fuldaernachrichten.de\/?p=147307","title":{"rendered":"Offenes Klassenzimmer H\u00f6here Berufsfachschule f\u00fcr Sozialassistenz Loheland"},"content":{"rendered":"<p>Am Donnerstag, dem 28.01.2016 findet um 18 Uhr im Giebelhaus in Loheland das \u201eOffene Klassenzimmer\u201c der H\u00f6heren Berufsfachschule f\u00fcr Sozialassistenz statt. Wer sich f\u00fcr eine Ausbildung oder einen Beruf im sozialen Bereich interessiert, ist herzlich eingeladen.<\/p>\n<p>Es wird \u00fcber die Ausbildung und den zus\u00e4tzlich m\u00f6glichen FOS-Abschluss informiert, die Sch\u00fcler des 1. Ausbildungsjahres pr\u00e4sentieren die Unterrichtsf\u00e4cher und das Dozententeam stellt sich vor. Es wird ausreichend Zeit f\u00fcr Fragen und zum Gespr\u00e4ch geben. Weitere Informationen erhalten Sie unter 0661 \/ 392-80, sozialassistenz@loheland.de oder sozialassistenz.loheland.de.<\/p>\n","protected":false},"excerpt":{"rendered":"<div class=\"tmnf_excerpt\"><p>Am Donnerstag, dem 28.01.2016 findet um 18 Uhr im Giebelhaus in Loheland das \u201eOffene Klassenzimmer\u201c der H\u00f6heren Berufsfachschule f\u00fcr Sozialassistenz statt. Wer sich f\u00fcr eine Ausbildung oder einen Beruf im sozialen Bereich interessiert, ist herzlich eingeladen. Es wird \u00fcber die Ausbildung und den zus\u00e4tzlich m\u00f6glichen FOS-Abschluss informiert, die Sch\u00fcler des 1. Ausbildungsjahres pr\u00e4sentieren die Unterrichtsf\u00e4cher &hellip;<\/p>\n<\/div>","protected":false},"author":1,"featured_media":0,"comment_status":"closed","ping_status":"closed","sticky":false,"template":"","format":"standard","meta":{"footnotes":""},"categories":[53],"tags":[],"class_list":["post-147307","post","type-post","status-publish","format-standard","hentry","category-bildung"],"_links":{"self":[{"href":"https:\/\/www.fuldaernachrichten.de\/index.php?rest_route=\/wp\/v2\/posts\/147307","targetHints":{"allow":["GET"]}}],"collection":[{"href":"https:\/\/www.fuldaernachrichten.de\/index.php?rest_route=\/wp\/v2\/posts"}],"about":[{"href":"https:\/\/www.fuldaernachrichten.de\/index.php?rest_route=\/wp\/v2\/types\/post"}],"author":[{"embeddable":true,"href":"https:\/\/www.fuldaernachrichten.de\/index.php?rest_route=\/wp\/v2\/users\/1"}],"replies":[{"embeddable":true,"href":"https:\/\/www.fuldaernachrichten.de\/index.php?rest_route=%2Fwp%2Fv2%2Fcomments&post=147307"}],"version-history":[{"count":1,"href":"https:\/\/www.fuldaernachrichten.de\/index.php?rest_route=\/wp\/v2\/posts\/147307\/revisions"}],"predecessor-version":[{"id":147309,"href":"https:\/\/www.fuldaernachrichten.de\/index.php?rest_route=\/wp\/v2\/posts\/147307\/revisions\/147309"}],"wp:attachment":[{"href":"https:\/\/www.fuldaernachrichten.de\/index.php?rest_route=%2Fwp%2Fv2%2Fmedia&parent=147307"}],"wp:term":[{"taxonomy":"category","embeddable":true,"href":"https:\/\/www.fuldaernachrichten.de\/index.php?rest_route=%2Fwp%2Fv2%2Fcategories&post=147307"},{"taxonomy":"post_tag","embeddable":true,"href":"https:\/\/www.fuldaernachrichten.de\/index.php?rest_route=%2Fwp%2Fv2%2Ftags&post=147307"}],"curies":[{"name":"wp","href":"https:\/\/api.w.org\/{rel}","templated":true}]}}